{"id":303175,"date":"2024-06-08T11:35:01","date_gmt":"2024-06-08T08:35:01","guid":{"rendered":"https:\/\/sana.sy\/tr\/?p=303175"},"modified":"2024-06-09T11:44:47","modified_gmt":"2024-06-09T08:44:47","slug":"ekonomik-ve-mali-is-birligini-gelistirmek-icin-suriye-rusya-gorusmeleri","status":"publish","type":"post","link":"https:\/\/archive.sana.sy\/tr\/?p=303175","title":{"rendered":"Ekonomik Ve Mali \u0130\u015f Birli\u011fini Geli\u015ftirmek \u0130\u00e7in Suriye-Rusya G\u00f6r\u00fc\u015fmeleri"},"content":{"rendered":"<p style=\"text-align: justify;\"><strong>MOSKOVA (SANA) \u2013 <\/strong>Maliye Bakan\u0131\u00a0 Kenan Ya\u011fi, Saint Petersburg Uluslararas\u0131 Ekonomi Forumu oturum aralar\u0131nda Rus mevkida\u015f\u0131 Anton Siluanov ile Saint Petersburg&#8217;da bir toplant\u0131 ger\u00e7ekle\u015ftirdi.<\/p>\n<p style=\"text-align: justify;\">Toplant\u0131da iki \u00fclke aras\u0131ndaki ekonomik ve mali i\u015fbirli\u011finin geli\u015ftirilmesi konusu ele al\u0131n\u0131rken, iki taraf vergi ve g\u00fcmr\u00fck alanlar\u0131nda teknik i\u015fbirli\u011fine ili\u015fkin g\u00f6r\u00fc\u015fmelerin takip edilmesi ve bankac\u0131l\u0131k ve sigorta sekt\u00f6rlerindeki i\u015fbirli\u011finin geli\u015ftirilmesi konusunda mutabakata vard\u0131.<\/p>\n<p style=\"text-align: justify;\">Bunun yan\u0131nda da, Ekonomi ve D\u0131\u015f Ticaret Bakanl\u0131\u011f\u0131 ile Avrasya Ekonomik Birli\u011fi aras\u0131nda, Suriye \u00fcr\u00fcnlerine Birlik \u00fclkelerine giri\u015flerinde imtiyazl\u0131 vergi ve g\u00fcmr\u00fck avantajlar\u0131 sa\u011flayacak bir mutabakat zapt\u0131 tasla\u011f\u0131n\u0131n imzalanmas\u0131n\u0131n h\u0131zland\u0131r\u0131lmas\u0131 konusunda da mutabakata var\u0131ld\u0131.<\/p>\n<p style=\"text-align: justify;\">Bankac\u0131l\u0131k alan\u0131nda, Suriye ve Rus bankalar\u0131 aras\u0131ndaki banka hesaplar\u0131n\u0131n say\u0131s\u0131n\u0131n art\u0131r\u0131lmas\u0131 ve Bat\u0131 SWIFT sistemine alternatif olarak Rus Finansal Uzla\u015fma Sisteminin (SPRS) kullan\u0131m\u0131n\u0131n yayg\u0131nla\u015ft\u0131r\u0131lmas\u0131 konusunda da\u00a0 mutabakata var\u0131ld\u0131.<\/p>\n<p style=\"text-align: justify;\">\u0130ki taraf ayr\u0131ca, iki \u00fclke aras\u0131ndaki ticari ve ekonomik i\u015f birli\u011fini geni\u015fletmeye y\u00f6nelik anla\u015fmayla ilgili olarak Suriye&#8217;de uygulanmaya karar verilen projeler i\u00e7in gerekli finansman\u0131n sa\u011flanmas\u0131na y\u00f6nelik bir dizi \u00f6nerinin sa\u011flanmas\u0131n\u0131 g\u00f6r\u00fc\u015ft\u00fc.<\/p>\n<p style=\"text-align: justify;\">G\u00f6r\u00fc\u015fmeye, Suriye&#8217;nin Rusya Federasyonu B\u00fcy\u00fckel\u00e7isi Be\u015f\u015far El Caferi ve St. Petersburg Fahri Konsolosu Dr. Malaz Ghazi&#8217;nin yan\u0131 s\u0131ra Rusya taraf\u0131nda Maliye Bakan Yard\u0131mc\u0131s\u0131 Ivan Chiiskov, Devlet Bor\u00e7 \u0130daresi M\u00fcd\u00fcr\u00fc Denis Mamonov ve Bakan Yard\u0131mc\u0131s\u0131 Anastasia Zhilova kat\u0131ld\u0131.<\/p>\n<p style=\"text-align: center;\"><strong><a href=\"https:\/\/t.me\/SuriyeArapHaberAjansI\">Telegram Kanal\u0131m\u0131z\u00a0<\/a>||<a href=\"https:\/\/twitter.com\/arap_ajans\">X Platformumuz\u00a0<\/a>||<a href=\"https:\/\/www.facebook.com\/SANAHaberAjansi\/\">Facebook Sayfam\u0131z<\/a><\/strong><\/p>\n","protected":false},"excerpt":{"rendered":"<p>MOSKOVA (SANA) \u2013 Maliye Bakan\u0131\u00a0 Kenan Ya\u011fi, Saint Petersburg Uluslararas\u0131 Ekonomi Forumu oturum aralar\u0131nda Rus mevkida\u015f\u0131 Anton Siluanov ile Saint Petersburg&#8217;da bir toplant\u0131 ger\u00e7ekle\u015ftirdi. Toplant\u0131da iki \u00fclke aras\u0131ndaki ekonomik ve mali i\u015fbirli\u011finin geli\u015ftirilmesi konusu ele al\u0131n\u0131rken, iki taraf vergi ve g\u00fcmr\u00fck alanlar\u0131nda teknik i\u015fbirli\u011fine ili\u015fkin g\u00f6r\u00fc\u015fmelerin takip edilmesi ve bankac\u0131l\u0131k ve sigorta sekt\u00f6rlerindeki i\u015fbirli\u011finin geli\u015ftirilmesi &hellip;<\/p>\n","protected":false},"author":36,"featured_media":303176,"comment_status":"closed","ping_status":"closed","sticky":false,"template":"","format":"standard","meta":{"footnotes":""},"categories":[458,485,459,486,17988],"tags":[],"class_list":["post-303175","post","type-post","status-publish","format-standard","has-post-thumbnail","","category-dunya1","category-is-ve-sermaye","category-haberler-arap-uluslararasi-politika","category-haberler-is-ve-sermaye","category-son-haberler"],"_links":{"self":[{"href":"https:\/\/archive.sana.sy\/tr\/index.php?rest_route=\/wp\/v2\/posts\/303175","targetHints":{"allow":["GET"]}}],"collection":[{"href":"https:\/\/archive.sana.sy\/tr\/index.php?rest_route=\/wp\/v2\/posts"}],"about":[{"href":"https:\/\/archive.sana.sy\/tr\/index.php?rest_route=\/wp\/v2\/types\/post"}],"author":[{"embeddable":true,"href":"https:\/\/archive.sana.sy\/tr\/index.php?rest_route=\/wp\/v2\/users\/36"}],"replies":[{"embeddable":true,"href":"https:\/\/archive.sana.sy\/tr\/index.php?rest_route=%2Fwp%2Fv2%2Fcomments&post=303175"}],"version-history":[{"count":4,"href":"https:\/\/archive.sana.sy\/tr\/index.php?rest_route=\/wp\/v2\/posts\/303175\/revisions"}],"predecessor-version":[{"id":303193,"href":"https:\/\/archive.sana.sy\/tr\/index.php?rest_route=\/wp\/v2\/posts\/303175\/revisions\/303193"}],"wp:featuredmedia":[{"embeddable":true,"href":"https:\/\/archive.sana.sy\/tr\/index.php?rest_route=\/wp\/v2\/media\/303176"}],"wp:attachment":[{"href":"https:\/\/archive.sana.sy\/tr\/index.php?rest_route=%2Fwp%2Fv2%2Fmedia&parent=303175"}],"wp:term":[{"taxonomy":"category","embeddable":true,"href":"https:\/\/archive.sana.sy\/tr\/index.php?rest_route=%2Fwp%2Fv2%2Fcategories&post=303175"},{"taxonomy":"post_tag","embeddable":true,"href":"https:\/\/archive.sana.sy\/tr\/index.php?rest_route=%2Fwp%2Fv2%2Ftags&post=303175"}],"curies":[{"name":"wp","href":"https:\/\/api.w.org\/{rel}","templated":true}]}}