{"id":303194,"date":"2024-06-08T10:06:31","date_gmt":"2024-06-08T07:06:31","guid":{"rendered":"https:\/\/sana.sy\/tr\/?p=303194"},"modified":"2024-06-10T08:11:36","modified_gmt":"2024-06-10T05:11:36","slug":"gazzede-saldirganlik-246nci-gunune-girerken-11-sehit-onlarca-yarali","status":"publish","type":"post","link":"https:\/\/archive.sana.sy\/tr\/?p=303194","title":{"rendered":"Gazze&#8217;de Sald\u0131rganl\u0131k \u00a0246&#8217;nc\u0131 G\u00fcn\u00fcne Girerken 11 \u015eehit, Onlarca Yaral\u0131"},"content":{"rendered":"<p style=\"text-align: justify;\"><strong>\u0130\u015eGAL ED\u0130LEN KUD\u00dcS (SANA) &#8211;<\/strong>\u00a0 \u0130\u015fgal u\u00e7aklar\u0131n\u0131n Gazze \u015eehri ve Gazze \u015eeridi&#8217;nin merkezini bombalamas\u0131 sonucu bug\u00fcn sabah saatlerinden itibaren 11 Filistinli \u015fehit oldu, \u00e7ok say\u0131da ki\u015fi de yaraland\u0131.<\/p>\n<p style=\"text-align: justify;\">Wafa Ajans\u0131, i\u015fgal u\u00e7aklar\u0131n\u0131n Gazze&#8217;nin \u015eeyh R\u0131dvan mahallesindeki bir evi bombalamas\u0131 sonucu bu sabah sivil savunma ekiplerinin aralar\u0131nda \u00e7ocuk ve kad\u0131nlar\u0131n da bulundu\u011fu be\u015f \u015fehidin naa\u015f\u0131n\u0131 \u00e7\u0131kard\u0131\u011f\u0131n\u0131 bildirdi.<\/p>\n<p style=\"text-align: justify;\">\u0130\u015fgal g\u00fc\u00e7lerinin Gazze \u015eeridi&#8217;nin merkezindeki Bureij m\u00fclteci kamp\u0131ndaki bir evi bombalamas\u0131 sonucu, kamp\u0131n do\u011fusuna top at\u0131\u015flar\u0131 ve silah sesleri ya\u011fd\u0131r\u0131ld\u0131\u011f\u0131nda 6 Filistinli \u015fehit oldu, di\u011ferleri de yaraland\u0131.<\/p>\n<p style=\"text-align: justify;\">\u0130\u015fgal g\u00fc\u00e7leri ayr\u0131ca, Gazze \u015eeridi&#8217;nin g\u00fcneyindeki Refah kentinde, kentin kuzeyindeki Orayba b\u00f6lgesindeki Ha\u015fha\u015f mahallesi ba\u015fta olmak \u00fczere \u00e7e\u015fitli b\u00f6lgeleri bombalad\u0131 ve onlarca ki\u015fi yaraland\u0131.<\/p>\n<p style=\"text-align: center;\"><strong><a href=\"https:\/\/t.me\/SuriyeArapHaberAjansI\">Telegram Kanal\u0131m\u0131z\u00a0<\/a>||<a href=\"https:\/\/twitter.com\/arap_ajans\">X Platformumuz\u00a0<\/a>||<a href=\"https:\/\/www.facebook.com\/SANAHaberAjansi\/\">Facebook Sayfam\u0131z<\/a><\/strong><\/p>\n","protected":false},"excerpt":{"rendered":"<p>\u0130\u015eGAL ED\u0130LEN KUD\u00dcS (SANA) &#8211;\u00a0 \u0130\u015fgal u\u00e7aklar\u0131n\u0131n Gazze \u015eehri ve Gazze \u015eeridi&#8217;nin merkezini bombalamas\u0131 sonucu bug\u00fcn sabah saatlerinden itibaren 11 Filistinli \u015fehit oldu, \u00e7ok say\u0131da ki\u015fi de yaraland\u0131. Wafa Ajans\u0131, i\u015fgal u\u00e7aklar\u0131n\u0131n Gazze&#8217;nin \u015eeyh R\u0131dvan mahallesindeki bir evi bombalamas\u0131 sonucu bu sabah sivil savunma ekiplerinin aralar\u0131nda \u00e7ocuk ve kad\u0131nlar\u0131n da bulundu\u011fu be\u015f \u015fehidin naa\u015f\u0131n\u0131 \u00e7\u0131kard\u0131\u011f\u0131n\u0131 &hellip;<\/p>\n","protected":false},"author":41,"featured_media":303195,"comment_status":"closed","ping_status":"closed","sticky":false,"template":"","format":"standard","meta":{"footnotes":""},"categories":[458,459,17988],"tags":[41642,1037],"class_list":["post-303194","post","type-post","status-publish","format-standard","has-post-thumbnail","","category-dunya1","category-haberler-arap-uluslararasi-politika","category-son-haberler","tag-gazzede-saldirganlik-246nci-gunune-girerken-11-sehit","tag-onlarca-yarali"],"_links":{"self":[{"href":"https:\/\/archive.sana.sy\/tr\/index.php?rest_route=\/wp\/v2\/posts\/303194","targetHints":{"allow":["GET"]}}],"collection":[{"href":"https:\/\/archive.sana.sy\/tr\/index.php?rest_route=\/wp\/v2\/posts"}],"about":[{"href":"https:\/\/archive.sana.sy\/tr\/index.php?rest_route=\/wp\/v2\/types\/post"}],"author":[{"embeddable":true,"href":"https:\/\/archive.sana.sy\/tr\/index.php?rest_route=\/wp\/v2\/users\/41"}],"replies":[{"embeddable":true,"href":"https:\/\/archive.sana.sy\/tr\/index.php?rest_route=%2Fwp%2Fv2%2Fcomments&post=303194"}],"version-history":[{"count":1,"href":"https:\/\/archive.sana.sy\/tr\/index.php?rest_route=\/wp\/v2\/posts\/303194\/revisions"}],"predecessor-version":[{"id":303196,"href":"https:\/\/archive.sana.sy\/tr\/index.php?rest_route=\/wp\/v2\/posts\/303194\/revisions\/303196"}],"wp:featuredmedia":[{"embeddable":true,"href":"https:\/\/archive.sana.sy\/tr\/index.php?rest_route=\/wp\/v2\/media\/303195"}],"wp:attachment":[{"href":"https:\/\/archive.sana.sy\/tr\/index.php?rest_route=%2Fwp%2Fv2%2Fmedia&parent=303194"}],"wp:term":[{"taxonomy":"category","embeddable":true,"href":"https:\/\/archive.sana.sy\/tr\/index.php?rest_route=%2Fwp%2Fv2%2Fcategories&post=303194"},{"taxonomy":"post_tag","embeddable":true,"href":"https:\/\/archive.sana.sy\/tr\/index.php?rest_route=%2Fwp%2Fv2%2Ftags&post=303194"}],"curies":[{"name":"wp","href":"https:\/\/api.w.org\/{rel}","templated":true}]}}