{"id":303202,"date":"2024-06-08T05:31:48","date_gmt":"2024-06-08T02:31:48","guid":{"rendered":"https:\/\/sana.sy\/tr\/?p=303202"},"modified":"2024-06-09T11:44:38","modified_gmt":"2024-06-09T08:44:38","slug":"vizzo-avrupa-birliginde-artik-farkli-gorusler-yoktur","status":"publish","type":"post","link":"https:\/\/archive.sana.sy\/tr\/?p=303202","title":{"rendered":"Vizzo: Avrupa Birli\u011fi&#8217;nde Art\u0131k Farkl\u0131 G\u00f6r\u00fc\u015fler Yoktur"},"content":{"rendered":"<p style=\"text-align: justify;\"><strong>PRAG (SANA)<\/strong> &#8211; \u00a0Slovakya Ba\u015fbakan\u0131 Robert Vitso \u015funlar\u0131 s\u00f6yledi: Avrupa Birli\u011fi&#8217;nde farkl\u0131 g\u00f6r\u00fc\u015fe sahip olma hakk\u0131 art\u0131k yok, blok yetkililerini ve \u00fclkelerinin fikir \u00f6zg\u00fcrl\u00fc\u011f\u00fcn\u00fc reddetmesini ele\u015ftirdi.<\/p>\n<p style=\"text-align: justify;\">Sosyal medyadaki bir sohbette Vizzo, baz\u0131 b\u00fcy\u00fck Bat\u0131l\u0131 \u00fclkelerin di\u011ferlerine dayatmaya \u00e7al\u0131\u015ft\u0131\u011f\u0131 &#8220;tek do\u011fru g\u00f6r\u00fc\u015f&#8221; politikas\u0131n\u0131 reddetti\u011fini ifade ederken, Suikast giri\u015fiminde hedef al\u0131nmas\u0131n\u0131n nedenleri aras\u0131nda Ukrayna&#8217;daki sava\u015f ve di\u011fer konulardaki tutumunun da oldu\u011funu ima etti.<\/p>\n<p style=\"text-align: justify;\">Vizzo ayr\u0131ca, h\u00fck\u00fcmetinin silah ve para g\u00f6ndermeyi reddetmesi nedeniyle kendisi ve Avrupa Birli\u011fi yetkilileri aras\u0131ndaki durumun Ukrayna nedeniyle k\u00f6t\u00fcle\u015fti\u011fini belirterek, kendisinin ve h\u00fck\u00fcmetinin sava\u015f yerine bar\u0131\u015fa \u00f6ncelik vermeye \u00e7al\u0131\u015ft\u0131\u011f\u0131n\u0131 vurgulad\u0131.<\/p>\n<p style=\"text-align: justify;\">Slovak h\u00fck\u00fcmetinin ba\u015fkan\u0131, Avrupa Birli\u011fi&#8217;nin Ukrayna&#8217;daki sava\u015f s\u0131ras\u0131nda tek do\u011fru g\u00f6r\u00fc\u015f kavram\u0131n\u0131 onaylad\u0131\u011f\u0131n\u0131, yani Rusya&#8217;y\u0131 zay\u0131flatmak i\u00e7in Ukrayna&#8217;daki sava\u015f\u0131n ne pahas\u0131na olursa olsun devam etmesi gerekti\u011fini kaydederek, h\u00fck\u00fcmetinin sadece Bat\u0131&#8217;ya de\u011fil, d\u00fcnyan\u0131n d\u00f6rt bir yan\u0131na y\u00f6nelik egemen ve kendine g\u00fcvenen bir d\u0131\u015f politikayla \u00e7al\u0131\u015fmaya devam edece\u011fini yeniledi.<\/p>\n<p style=\"text-align: center;\"><strong><a href=\"https:\/\/t.me\/SuriyeArapHaberAjansI\">Telegram Kanal\u0131m\u0131z\u00a0<\/a>||<a href=\"https:\/\/twitter.com\/arap_ajans\">X Platformumuz\u00a0<\/a>||<a href=\"https:\/\/www.facebook.com\/SANAHaberAjansi\/\">Facebook Sayfam\u0131z<\/a><\/strong><\/p>\n","protected":false},"excerpt":{"rendered":"<p>PRAG (SANA) &#8211; \u00a0Slovakya Ba\u015fbakan\u0131 Robert Vitso \u015funlar\u0131 s\u00f6yledi: Avrupa Birli\u011fi&#8217;nde farkl\u0131 g\u00f6r\u00fc\u015fe sahip olma hakk\u0131 art\u0131k yok, blok yetkililerini ve \u00fclkelerinin fikir \u00f6zg\u00fcrl\u00fc\u011f\u00fcn\u00fc reddetmesini ele\u015ftirdi. Sosyal medyadaki bir sohbette Vizzo, baz\u0131 b\u00fcy\u00fck Bat\u0131l\u0131 \u00fclkelerin di\u011ferlerine dayatmaya \u00e7al\u0131\u015ft\u0131\u011f\u0131 &#8220;tek do\u011fru g\u00f6r\u00fc\u015f&#8221; politikas\u0131n\u0131 reddetti\u011fini ifade ederken, Suikast giri\u015fiminde hedef al\u0131nmas\u0131n\u0131n nedenleri aras\u0131nda Ukrayna&#8217;daki sava\u015f ve di\u011fer &hellip;<\/p>\n","protected":false},"author":41,"featured_media":303203,"comment_status":"closed","ping_status":"closed","sticky":false,"template":"","format":"standard","meta":{"footnotes":""},"categories":[458,459,17988],"tags":[41645],"class_list":["post-303202","post","type-post","status-publish","format-standard","has-post-thumbnail","","category-dunya1","category-haberler-arap-uluslararasi-politika","category-son-haberler","tag-vizzo-avrupa-birliginde-artik-farkli-gorusler-yoktur"],"_links":{"self":[{"href":"https:\/\/archive.sana.sy\/tr\/index.php?rest_route=\/wp\/v2\/posts\/303202","targetHints":{"allow":["GET"]}}],"collection":[{"href":"https:\/\/archive.sana.sy\/tr\/index.php?rest_route=\/wp\/v2\/posts"}],"about":[{"href":"https:\/\/archive.sana.sy\/tr\/index.php?rest_route=\/wp\/v2\/types\/post"}],"author":[{"embeddable":true,"href":"https:\/\/archive.sana.sy\/tr\/index.php?rest_route=\/wp\/v2\/users\/41"}],"replies":[{"embeddable":true,"href":"https:\/\/archive.sana.sy\/tr\/index.php?rest_route=%2Fwp%2Fv2%2Fcomments&post=303202"}],"version-history":[{"count":1,"href":"https:\/\/archive.sana.sy\/tr\/index.php?rest_route=\/wp\/v2\/posts\/303202\/revisions"}],"predecessor-version":[{"id":303204,"href":"https:\/\/archive.sana.sy\/tr\/index.php?rest_route=\/wp\/v2\/posts\/303202\/revisions\/303204"}],"wp:featuredmedia":[{"embeddable":true,"href":"https:\/\/archive.sana.sy\/tr\/index.php?rest_route=\/wp\/v2\/media\/303203"}],"wp:attachment":[{"href":"https:\/\/archive.sana.sy\/tr\/index.php?rest_route=%2Fwp%2Fv2%2Fmedia&parent=303202"}],"wp:term":[{"taxonomy":"category","embeddable":true,"href":"https:\/\/archive.sana.sy\/tr\/index.php?rest_route=%2Fwp%2Fv2%2Fcategories&post=303202"},{"taxonomy":"post_tag","embeddable":true,"href":"https:\/\/archive.sana.sy\/tr\/index.php?rest_route=%2Fwp%2Fv2%2Ftags&post=303202"}],"curies":[{"name":"wp","href":"https:\/\/api.w.org\/{rel}","templated":true}]}}