{"id":303205,"date":"2024-06-08T12:02:02","date_gmt":"2024-06-08T09:02:02","guid":{"rendered":"https:\/\/sana.sy\/tr\/?p=303205"},"modified":"2024-06-09T11:44:51","modified_gmt":"2024-06-09T08:44:51","slug":"rus-savunmasi-kievin-kayiplari-son-saatlerde-1-600den-fazla-asker-ve-duzinelerce-iha","status":"publish","type":"post","link":"https:\/\/archive.sana.sy\/tr\/?p=303205","title":{"rendered":"Rus Savunmas\u0131: Kiev&#8217;in Kay\u0131plar\u0131 Son Saatlerde 1.600&#8217;den Fazla Asker Ve D\u00fczinelerce \u0130HA"},"content":{"rendered":"<p style=\"text-align: justify;\"><strong>MOSKOVA (SANA)<\/strong> &#8211;\u00a0 Rusya Savunma Bakanl\u0131\u011f\u0131, son 24 saatte Ukrayna kuvvetlerinin \u00e7e\u015fitli b\u00f6lgelerde 1.600&#8217;den fazla Ukrayna askerinin kay\u0131p ya\u015fad\u0131\u011f\u0131n\u0131 duyurdu.<\/p>\n<p style=\"text-align: justify;\">Sputnik&#8217;in aktard\u0131\u011f\u0131na g\u00f6re bakanl\u0131k, ge\u00e7ti\u011fimiz g\u00fcn \u00f6zel askeri operasyonun y\u00fcr\u00fct\u00fclmesine ili\u015fkin g\u00fcnl\u00fck a\u00e7\u0131klamas\u0131nda \u015funlar\u0131 s\u00f6yledi:<\/p>\n<ul>\n<li style=\"text-align: justify;\">Kuzey Kuvvetleri Grubuna ba\u011fl\u0131 birlikler d\u00fc\u015fman savunmas\u0131n\u0131n derinliklerine do\u011fru ilerlemeye devam etti.<\/li>\n<li style=\"text-align: justify;\">Kharkov Eyaleti&#8217;nin Granov ve Konstantinovka kasabalar\u0131na d\u00fczenlenen 6 sald\u0131r\u0131 p\u00fcsk\u00fcrt\u00fcld\u00fc ve Ukrayna g\u00fc\u00e7leri 180 askere ula\u015fan kay\u0131plara u\u011frad\u0131.<\/li>\n<li style=\"text-align: justify;\">Bat\u0131 Kuvvetleri Grubunun birimleri daha \u00f6nemli mevkileri i\u015fgal etti ve 495&#8217;ten fazla Ukraynal\u0131 askeri ortadan kald\u0131rd\u0131.<\/li>\n<li style=\"text-align: justify;\">G\u00fcney Kuvvetleri Grubunun birimleri \u00f6n cephedeki durumu iyile\u015ftirmeyi ba\u015fard\u0131 ve d\u00fc\u015fman 400&#8217;den fazla askerini kaybetti.<\/li>\n<li style=\"text-align: justify;\">Rus Merkez Kuvvetleri grubu Ukrayna&#8217;n\u0131n be\u015f kar\u015f\u0131 sald\u0131r\u0131s\u0131n\u0131 p\u00fcsk\u00fcrtt\u00fc ve d\u00fc\u015fman kay\u0131plar\u0131 340 askere ula\u015ft\u0131.<\/li>\n<li style=\"text-align: justify;\">Rus \u201cDo\u011fu\u201d kuvvetler grubunun birimleri \u00f6nemli mevkileri i\u015fgal etti.<\/li>\n<li style=\"text-align: justify;\">Rus kuvvetleri yakla\u015f\u0131k 135 Ukraynal\u0131 askeri yok ederken, Rus Dinyeper Kuvvetleri grubundan ekipler Ukrayna olu\u015fumlar\u0131n\u0131 yenilgiye u\u011fratt\u0131.<\/li>\n<li style=\"text-align: justify;\">D\u00fc\u015fman 50 kadar askerini kaybetti.<\/li>\n<li style=\"text-align: justify;\">Rus hava savunmas\u0131 bir helikopteri d\u00fc\u015f\u00fcrd\u00fc ve d\u00f6rt Atakmas taktik f\u00fczesi ile yedi Himar ve Alder roketini ele ge\u00e7irdi.<\/li>\n<li style=\"text-align: justify;\">Rus hava savunmas\u0131 Nept\u00fcn gemisavar f\u00fczesini ve 71 Kiev insans\u0131z hava arac\u0131n\u0131 ele ge\u00e7irdi.<\/li>\n<\/ul>\n<p style=\"text-align: center;\"><strong><a href=\"https:\/\/t.me\/SuriyeArapHaberAjansI\">Telegram Kanal\u0131m\u0131z\u00a0<\/a>||<a href=\"https:\/\/twitter.com\/arap_ajans\">X Platformumuz\u00a0<\/a>||<a href=\"https:\/\/www.facebook.com\/SANAHaberAjansi\/\">Facebook Sayfam\u0131z<\/a><\/strong><\/p>\n","protected":false},"excerpt":{"rendered":"<p>MOSKOVA (SANA) &#8211;\u00a0 Rusya Savunma Bakanl\u0131\u011f\u0131, son 24 saatte Ukrayna kuvvetlerinin \u00e7e\u015fitli b\u00f6lgelerde 1.600&#8217;den fazla Ukrayna askerinin kay\u0131p ya\u015fad\u0131\u011f\u0131n\u0131 duyurdu. Sputnik&#8217;in aktard\u0131\u011f\u0131na g\u00f6re bakanl\u0131k, ge\u00e7ti\u011fimiz g\u00fcn \u00f6zel askeri operasyonun y\u00fcr\u00fct\u00fclmesine ili\u015fkin g\u00fcnl\u00fck a\u00e7\u0131klamas\u0131nda \u015funlar\u0131 s\u00f6yledi: Kuzey Kuvvetleri Grubuna ba\u011fl\u0131 birlikler d\u00fc\u015fman savunmas\u0131n\u0131n derinliklerine do\u011fru ilerlemeye devam etti. Kharkov Eyaleti&#8217;nin Granov ve Konstantinovka kasabalar\u0131na d\u00fczenlenen 6 &hellip;<\/p>\n","protected":false},"author":41,"featured_media":303206,"comment_status":"closed","ping_status":"closed","sticky":false,"template":"","format":"standard","meta":{"footnotes":""},"categories":[458,459,17988],"tags":[41646],"class_list":["post-303205","post","type-post","status-publish","format-standard","has-post-thumbnail","","category-dunya1","category-haberler-arap-uluslararasi-politika","category-son-haberler","tag-rus-savunmasi-kievin-kayiplari-son-saatlerde-1-600den-fazla-asker-ve-duzinelerce-iha"],"_links":{"self":[{"href":"https:\/\/archive.sana.sy\/tr\/index.php?rest_route=\/wp\/v2\/posts\/303205","targetHints":{"allow":["GET"]}}],"collection":[{"href":"https:\/\/archive.sana.sy\/tr\/index.php?rest_route=\/wp\/v2\/posts"}],"about":[{"href":"https:\/\/archive.sana.sy\/tr\/index.php?rest_route=\/wp\/v2\/types\/post"}],"author":[{"embeddable":true,"href":"https:\/\/archive.sana.sy\/tr\/index.php?rest_route=\/wp\/v2\/users\/41"}],"replies":[{"embeddable":true,"href":"https:\/\/archive.sana.sy\/tr\/index.php?rest_route=%2Fwp%2Fv2%2Fcomments&post=303205"}],"version-history":[{"count":1,"href":"https:\/\/archive.sana.sy\/tr\/index.php?rest_route=\/wp\/v2\/posts\/303205\/revisions"}],"predecessor-version":[{"id":303207,"href":"https:\/\/archive.sana.sy\/tr\/index.php?rest_route=\/wp\/v2\/posts\/303205\/revisions\/303207"}],"wp:featuredmedia":[{"embeddable":true,"href":"https:\/\/archive.sana.sy\/tr\/index.php?rest_route=\/wp\/v2\/media\/303206"}],"wp:attachment":[{"href":"https:\/\/archive.sana.sy\/tr\/index.php?rest_route=%2Fwp%2Fv2%2Fmedia&parent=303205"}],"wp:term":[{"taxonomy":"category","embeddable":true,"href":"https:\/\/archive.sana.sy\/tr\/index.php?rest_route=%2Fwp%2Fv2%2Fcategories&post=303205"},{"taxonomy":"post_tag","embeddable":true,"href":"https:\/\/archive.sana.sy\/tr\/index.php?rest_route=%2Fwp%2Fv2%2Ftags&post=303205"}],"curies":[{"name":"wp","href":"https:\/\/api.w.org\/{rel}","templated":true}]}}