{"id":303221,"date":"2024-06-09T05:28:02","date_gmt":"2024-06-09T02:28:02","guid":{"rendered":"https:\/\/sana.sy\/tr\/?p=303221"},"modified":"2024-06-10T08:12:56","modified_gmt":"2024-06-10T05:12:56","slug":"aksa-tufani-operasyonu-bugunun-en-one-cikan-gelismeleri-159","status":"publish","type":"post","link":"https:\/\/archive.sana.sy\/tr\/?p=303221","title":{"rendered":"Aksa Tufan\u0131 Operasyonu\u2026 Bug\u00fcn\u00fcn En \u00d6ne \u00c7\u0131kan Geli\u015fmeleri"},"content":{"rendered":"<p style=\"text-align: justify;\"><strong>\u0130\u015eGAL ED\u0130LEN KUD\u00dcS (SANA) \u2013\u00a0<\/strong>Filistin direni\u015finin i\u015fgalci \u0130srail\u2019in sald\u0131rganl\u0131\u011f\u0131na yan\u0131t olarak 7 Ekim\u2019de ba\u015flatt\u0131\u011f\u0131 Aksa Tufan\u0131 Operasyonu\u2019nda \u00f6ne \u00e7\u0131kan geli\u015fmeler:<\/p>\n<ul>\n<li style=\"text-align: justify;\">Filistin direni\u015fi, Gazze \u015eeridi&#8217;nin g\u00fcneyindeki Refah \u015fehrinde \u0130srail&#8217;in d\u00fc\u015fman Apache helikopterini &#8220;SAM 7&#8221; f\u00fczesiyle hedef ald\u0131.<\/li>\n<li style=\"text-align: justify;\"><span style=\"color: #0000ff;\"><a style=\"color: #0000ff;\" href=\"https:\/\/www.sana.sy\/tr\/?p=303230\">\u0130\u015fgalci \u0130srail, Gazze \u015eeridi\u2019ne Y\u00f6nelik Kara, Deniz Ve Hava Yoluyla Vah\u015fi Sald\u0131rganl\u0131klar\u0131n\u0131 247. G\u00fcn\u00fcnde S\u00fcrd\u00fcr\u00fcyor<\/a><\/span><br \/>\nFilistin direni\u015fi, Gazze \u015eeridi&#8217;nde devam eden katliamlara tepki olarak \u0130srail i\u015fgalini Soufa askeri \u00fcss\u00fcnde f\u00fcze bombard\u0131man\u0131yla hedef ald\u0131.<\/li>\n<li style=\"text-align: justify;\">Filistin Sa\u011fl\u0131k Bakanl\u0131\u011f\u0131: Ge\u00e7ti\u011fimiz Ekim ay\u0131n\u0131n 7&#8217;sinden bu yana devam eden \u0130srail sald\u0131rganl\u0131\u011f\u0131n\u0131n kurbanlar\u0131n\u0131n say\u0131s\u0131 37.084 \u015fehit ve 84.494 yaral\u0131ya y\u00fckseldi.<\/li>\n<li style=\"text-align: justify;\">Filistin Sa\u011fl\u0131k Bakanl\u0131\u011f\u0131: \u0130srail i\u015fgali son saatlerde Gazze \u015eeridi&#8217;nde 8 katliam ger\u00e7ekle\u015ftirerek 283 \u015fehit ve 814 yaral\u0131 b\u0131rakt\u0131.<\/li>\n<li style=\"text-align: justify;\">Albanese: \u0130srail, Filistinlilere kar\u015f\u0131 daha fazla katliam yapmak i\u00e7in tutuklular meselesini kullan\u0131yor<\/li>\n<li style=\"text-align: justify;\">Griffiths: Nuseyrat&#8217;taki katliam sahneleri Gazze&#8217;ye y\u00f6nelik sald\u0131rganl\u0131\u011f\u0131n\u0131n \u00e7irkinli\u011fini kan\u0131tl\u0131yor<\/li>\n<li style=\"text-align: justify;\">Filistin direni\u015fi, Gazze \u015eeridi&#8217;nin g\u00fcneyindeki Refah \u015fehrindeki Tel Zurub&#8217;da \u0130srailli d\u00fc\u015fman askerlerinin ve ara\u00e7lar\u0131n\u0131n mevzisini havan toplar\u0131yla hedef ald\u0131.<\/li>\n<li style=\"text-align: justify;\">Filistin medyas\u0131: \u0130srail i\u015fgal u\u00e7aklar\u0131n\u0131n Gazze \u015fehrinin El Daraj mahallesindeki bir evi bombalamas\u0131 sonucu 4 \u015fehit ve \u00e7ok say\u0131da yaral\u0131.<\/li>\n<li style=\"text-align: justify;\">Filistin medyas\u0131: i\u015fgalci \u0130srail&#8217;in Gazze \u015eeridi&#8217;nin merkezindeki Bureij kamp\u0131ndaki bir evi bombalamas\u0131 sonucu 3 \u015fehit ve \u00e7ok say\u0131da yaral\u0131.<\/li>\n<\/ul>\n<p style=\"text-align: center;\"><strong><a href=\"https:\/\/t.me\/SuriyeArapHaberAjansI\">Telegram Kanal\u0131m\u0131z\u00a0<\/a>||<a href=\"https:\/\/twitter.com\/arap_ajans\">X Platformumuz\u00a0<\/a>||<a href=\"https:\/\/www.facebook.com\/SANAHaberAjansi\/\">Facebook Sayfam\u0131z<\/a><\/strong><\/p>\n","protected":false},"excerpt":{"rendered":"<p>\u0130\u015eGAL ED\u0130LEN KUD\u00dcS (SANA) \u2013\u00a0Filistin direni\u015finin i\u015fgalci \u0130srail\u2019in sald\u0131rganl\u0131\u011f\u0131na yan\u0131t olarak 7 Ekim\u2019de ba\u015flatt\u0131\u011f\u0131 Aksa Tufan\u0131 Operasyonu\u2019nda \u00f6ne \u00e7\u0131kan geli\u015fmeler: Filistin direni\u015fi, Gazze \u015eeridi&#8217;nin g\u00fcneyindeki Refah \u015fehrinde \u0130srail&#8217;in d\u00fc\u015fman Apache helikopterini &#8220;SAM 7&#8221; f\u00fczesiyle hedef ald\u0131. \u0130\u015fgalci \u0130srail, Gazze \u015eeridi\u2019ne Y\u00f6nelik Kara, Deniz Ve Hava Yoluyla Vah\u015fi Sald\u0131rganl\u0131klar\u0131n\u0131 247. G\u00fcn\u00fcnde S\u00fcrd\u00fcr\u00fcyor Filistin direni\u015fi, Gazze \u015eeridi&#8217;nde &hellip;<\/p>\n","protected":false},"author":39,"featured_media":303223,"comment_status":"closed","ping_status":"closed","sticky":false,"template":"","format":"standard","meta":{"footnotes":""},"categories":[458,459,17988],"tags":[],"class_list":["post-303221","post","type-post","status-publish","format-standard","has-post-thumbnail","","category-dunya1","category-haberler-arap-uluslararasi-politika","category-son-haberler"],"_links":{"self":[{"href":"https:\/\/archive.sana.sy\/tr\/index.php?rest_route=\/wp\/v2\/posts\/303221","targetHints":{"allow":["GET"]}}],"collection":[{"href":"https:\/\/archive.sana.sy\/tr\/index.php?rest_route=\/wp\/v2\/posts"}],"about":[{"href":"https:\/\/archive.sana.sy\/tr\/index.php?rest_route=\/wp\/v2\/types\/post"}],"author":[{"embeddable":true,"href":"https:\/\/archive.sana.sy\/tr\/index.php?rest_route=\/wp\/v2\/users\/39"}],"replies":[{"embeddable":true,"href":"https:\/\/archive.sana.sy\/tr\/index.php?rest_route=%2Fwp%2Fv2%2Fcomments&post=303221"}],"version-history":[{"count":4,"href":"https:\/\/archive.sana.sy\/tr\/index.php?rest_route=\/wp\/v2\/posts\/303221\/revisions"}],"predecessor-version":[{"id":303248,"href":"https:\/\/archive.sana.sy\/tr\/index.php?rest_route=\/wp\/v2\/posts\/303221\/revisions\/303248"}],"wp:featuredmedia":[{"embeddable":true,"href":"https:\/\/archive.sana.sy\/tr\/index.php?rest_route=\/wp\/v2\/media\/303223"}],"wp:attachment":[{"href":"https:\/\/archive.sana.sy\/tr\/index.php?rest_route=%2Fwp%2Fv2%2Fmedia&parent=303221"}],"wp:term":[{"taxonomy":"category","embeddable":true,"href":"https:\/\/archive.sana.sy\/tr\/index.php?rest_route=%2Fwp%2Fv2%2Fcategories&post=303221"},{"taxonomy":"post_tag","embeddable":true,"href":"https:\/\/archive.sana.sy\/tr\/index.php?rest_route=%2Fwp%2Fv2%2Ftags&post=303221"}],"curies":[{"name":"wp","href":"https:\/\/api.w.org\/{rel}","templated":true}]}}