{"id":303226,"date":"2024-06-09T12:06:42","date_gmt":"2024-06-09T09:06:42","guid":{"rendered":"https:\/\/sana.sy\/tr\/?p=303226"},"modified":"2024-06-13T12:55:49","modified_gmt":"2024-06-13T09:55:49","slug":"cumhurbaskani-esad-iki-hakime-yonelik-azil-cezasini-uygulayan-bir-kararname-yayinladi","status":"publish","type":"post","link":"https:\/\/archive.sana.sy\/tr\/?p=303226","title":{"rendered":"Cumhurba\u015fkan\u0131 Esad, \u0130ki Hakime Y\u00f6nelik Azil Cezas\u0131n\u0131 Uygulayan Bir Kararname Yay\u0131nlad\u0131"},"content":{"rendered":"<p><strong>\u015eAM (SANA)<\/strong> \u2013 Cumhurba\u015fkan\u0131 Be\u015f\u015far Esad, Y\u00fcksek Yarg\u0131 Konseyi taraf\u0131ndan hakime \u015eeza Nizar Nasur ve\u00a0 hakime Abulrahman \u00a0Abdulrazzak El Kuteyni&#8217;ye uygulanan azil cezas\u0131n\u0131 uygulayan 120 No&#8217;lu Kararnameyi yay\u0131nlad\u0131.<\/p>\n<p style=\"text-align: center;\"><strong><a href=\"https:\/\/t.me\/SuriyeArapHaberAjansI\">Telegram Kanal\u0131m\u0131z\u00a0<\/a>||<a href=\"https:\/\/twitter.com\/arap_ajans\">X Platformumuz\u00a0<\/a>||<a href=\"https:\/\/www.facebook.com\/SANAHaberAjansi\/\">Facebook Sayfam\u0131z<\/a><\/strong><\/p>\n","protected":false},"excerpt":{"rendered":"<p>\u015eAM (SANA) \u2013 Cumhurba\u015fkan\u0131 Be\u015f\u015far Esad, Y\u00fcksek Yarg\u0131 Konseyi taraf\u0131ndan hakime \u015eeza Nizar Nasur ve\u00a0 hakime Abulrahman \u00a0Abdulrazzak El Kuteyni&#8217;ye uygulanan azil cezas\u0131n\u0131 uygulayan 120 No&#8217;lu Kararnameyi yay\u0131nlad\u0131. Telegram Kanal\u0131m\u0131z\u00a0||X Platformumuz\u00a0||Facebook Sayfam\u0131z<\/p>\n","protected":false},"author":39,"featured_media":303227,"comment_status":"closed","ping_status":"closed","sticky":false,"template":"","format":"standard","meta":{"footnotes":""},"categories":[606,605,612],"tags":[],"class_list":["post-303226","post","type-post","status-publish","format-standard","has-post-thumbnail","","category-cumhurbaskani","category-sayin-cumhurbaskani","category-yasama-kararnameler"],"_links":{"self":[{"href":"https:\/\/archive.sana.sy\/tr\/index.php?rest_route=\/wp\/v2\/posts\/303226","targetHints":{"allow":["GET"]}}],"collection":[{"href":"https:\/\/archive.sana.sy\/tr\/index.php?rest_route=\/wp\/v2\/posts"}],"about":[{"href":"https:\/\/archive.sana.sy\/tr\/index.php?rest_route=\/wp\/v2\/types\/post"}],"author":[{"embeddable":true,"href":"https:\/\/archive.sana.sy\/tr\/index.php?rest_route=\/wp\/v2\/users\/39"}],"replies":[{"embeddable":true,"href":"https:\/\/archive.sana.sy\/tr\/index.php?rest_route=%2Fwp%2Fv2%2Fcomments&post=303226"}],"version-history":[{"count":3,"href":"https:\/\/archive.sana.sy\/tr\/index.php?rest_route=\/wp\/v2\/posts\/303226\/revisions"}],"predecessor-version":[{"id":303291,"href":"https:\/\/archive.sana.sy\/tr\/index.php?rest_route=\/wp\/v2\/posts\/303226\/revisions\/303291"}],"wp:featuredmedia":[{"embeddable":true,"href":"https:\/\/archive.sana.sy\/tr\/index.php?rest_route=\/wp\/v2\/media\/303227"}],"wp:attachment":[{"href":"https:\/\/archive.sana.sy\/tr\/index.php?rest_route=%2Fwp%2Fv2%2Fmedia&parent=303226"}],"wp:term":[{"taxonomy":"category","embeddable":true,"href":"https:\/\/archive.sana.sy\/tr\/index.php?rest_route=%2Fwp%2Fv2%2Fcategories&post=303226"},{"taxonomy":"post_tag","embeddable":true,"href":"https:\/\/archive.sana.sy\/tr\/index.php?rest_route=%2Fwp%2Fv2%2Ftags&post=303226"}],"curies":[{"name":"wp","href":"https:\/\/api.w.org\/{rel}","templated":true}]}}