{"id":303230,"date":"2024-06-09T14:35:47","date_gmt":"2024-06-09T11:35:47","guid":{"rendered":"https:\/\/sana.sy\/tr\/?p=303230"},"modified":"2024-06-10T08:13:37","modified_gmt":"2024-06-10T05:13:37","slug":"isgalci-israil-gazze-seridine-yonelik-kara-deniz-ve-hava-yoluyla-vahsi-saldirganliklarini-247-gununde-surduruyor","status":"publish","type":"post","link":"https:\/\/archive.sana.sy\/tr\/?p=303230","title":{"rendered":"\u0130\u015fgalci \u0130srail, Gazze \u015eeridi&#8217;ne Y\u00f6nelik Kara, Deniz Ve Hava Yoluyla Vah\u015fi Sald\u0131rganl\u0131klar\u0131n\u0131 247. G\u00fcn\u00fcnde S\u00fcrd\u00fcr\u00fcyor"},"content":{"rendered":"<p style=\"text-align: justify;\"><strong>\u0130\u015eGAL ED\u0130LEN KUD\u00dcS (SANA) \u2013<\/strong> i\u015fgalci \u0130srail, Gazze \u015eeridi&#8217;ne y\u00f6nelik kara, deniz ve hava yoluyla vah\u015fi sald\u0131rganl\u0131klar\u0131n\u0131 247. g\u00fcn\u00fcnde s\u00fcrd\u00fcr\u00fcyor, d\u00fczinelerce \u015fehit ve yaral\u0131n\u0131n bulundu\u011fu evleri ve yerinden edilmi\u015f ki\u015filerin topland\u0131\u011f\u0131 yerleri hedef al\u0131yor.<\/p>\n<p style=\"text-align: justify;\">Filistin medyas\u0131, Gazze&#8217;nin Al Daraj mahallesinde bir evin i\u015fgalci taraf\u0131ndan bombalanmas\u0131 sonucu biri k\u0131z olmak \u00fczere 4 Filistinlinin \u015fehit d\u00fc\u015ft\u00fc\u011f\u00fcn\u00fc, \u00e7ok say\u0131da Filistinlinin de yaraland\u0131\u011f\u0131n\u0131 bildirdi.<\/p>\n<p style=\"text-align: justify;\">Gazze \u015eeridi&#8217;nin merkezindeki Bureij kamp\u0131na d\u00fczenlenen i\u015fgal sald\u0131rganl\u0131\u011f\u0131nda da 3 Filistinli \u015fehit d\u00fc\u015ft\u00fc, \u00e7ok say\u0131da ki\u015fi de yaraland\u0131, Gazze \u015eeridi&#8217;nin g\u00fcneyinde Refah \u015fehrinin bat\u0131s\u0131ndaki Tel El Sultan mahallesine d\u00fczenlenen i\u015fgal sald\u0131rganl\u0131\u011f\u0131nda iki Filistinli hayat\u0131n\u0131 kaybetti.<\/p>\n<p style=\"text-align: justify;\">\u0130\u015fgal, Nuseyrat kamp\u0131nda ger\u00e7ekle\u015ftirdi\u011fi katliamdan bir g\u00fcn sonra Gazze \u015eeridi&#8217;nin merkezindeki \u00e7e\u015fitli b\u00f6lgelere f\u00fcze ve top\u00e7u bombard\u0131man\u0131n\u0131 yo\u011funla\u015ft\u0131rd\u0131.<\/p>\n<p style=\"text-align: justify;\">Gazze \u015eeridi&#8217;nin g\u00fcneyinde, Refah \u015fehrinin \u00e7e\u015fitli yerlerinden i\u015fgal g\u00fc\u00e7leri taraf\u0131ndan \u015fiddetli patlama ve silah sesleri duyuldu ve Gazze \u015fehrinin El Zaytun, Tel El Hava ve El Sabra mahalleleri, \u201cNetzarim\u201d eksen b\u00f6lgesinde konu\u015flanm\u0131\u015f i\u015fgal tanklar\u0131ndan top at\u0131\u015flar\u0131na ve bombard\u0131man\u0131na tan\u0131k oldu.<\/p>\n<p style=\"text-align: center;\"><strong><a href=\"https:\/\/t.me\/SuriyeArapHaberAjansI\">Telegram Kanal\u0131m\u0131z\u00a0<\/a>||<a href=\"https:\/\/twitter.com\/arap_ajans\">X Platformumuz\u00a0<\/a>||<a href=\"https:\/\/www.facebook.com\/SANAHaberAjansi\/\">Facebook Sayfam\u0131z<\/a><\/strong><\/p>\n","protected":false},"excerpt":{"rendered":"<p>\u0130\u015eGAL ED\u0130LEN KUD\u00dcS (SANA) \u2013 i\u015fgalci \u0130srail, Gazze \u015eeridi&#8217;ne y\u00f6nelik kara, deniz ve hava yoluyla vah\u015fi sald\u0131rganl\u0131klar\u0131n\u0131 247. g\u00fcn\u00fcnde s\u00fcrd\u00fcr\u00fcyor, d\u00fczinelerce \u015fehit ve yaral\u0131n\u0131n bulundu\u011fu evleri ve yerinden edilmi\u015f ki\u015filerin topland\u0131\u011f\u0131 yerleri hedef al\u0131yor. Filistin medyas\u0131, Gazze&#8217;nin Al Daraj mahallesinde bir evin i\u015fgalci taraf\u0131ndan bombalanmas\u0131 sonucu biri k\u0131z olmak \u00fczere 4 Filistinlinin \u015fehit d\u00fc\u015ft\u00fc\u011f\u00fcn\u00fc, \u00e7ok &hellip;<\/p>\n","protected":false},"author":39,"featured_media":303231,"comment_status":"closed","ping_status":"closed","sticky":false,"template":"","format":"standard","meta":{"footnotes":""},"categories":[458,459,17988],"tags":[],"class_list":["post-303230","post","type-post","status-publish","format-standard","has-post-thumbnail","","category-dunya1","category-haberler-arap-uluslararasi-politika","category-son-haberler"],"_links":{"self":[{"href":"https:\/\/archive.sana.sy\/tr\/index.php?rest_route=\/wp\/v2\/posts\/303230","targetHints":{"allow":["GET"]}}],"collection":[{"href":"https:\/\/archive.sana.sy\/tr\/index.php?rest_route=\/wp\/v2\/posts"}],"about":[{"href":"https:\/\/archive.sana.sy\/tr\/index.php?rest_route=\/wp\/v2\/types\/post"}],"author":[{"embeddable":true,"href":"https:\/\/archive.sana.sy\/tr\/index.php?rest_route=\/wp\/v2\/users\/39"}],"replies":[{"embeddable":true,"href":"https:\/\/archive.sana.sy\/tr\/index.php?rest_route=%2Fwp%2Fv2%2Fcomments&post=303230"}],"version-history":[{"count":1,"href":"https:\/\/archive.sana.sy\/tr\/index.php?rest_route=\/wp\/v2\/posts\/303230\/revisions"}],"predecessor-version":[{"id":303232,"href":"https:\/\/archive.sana.sy\/tr\/index.php?rest_route=\/wp\/v2\/posts\/303230\/revisions\/303232"}],"wp:featuredmedia":[{"embeddable":true,"href":"https:\/\/archive.sana.sy\/tr\/index.php?rest_route=\/wp\/v2\/media\/303231"}],"wp:attachment":[{"href":"https:\/\/archive.sana.sy\/tr\/index.php?rest_route=%2Fwp%2Fv2%2Fmedia&parent=303230"}],"wp:term":[{"taxonomy":"category","embeddable":true,"href":"https:\/\/archive.sana.sy\/tr\/index.php?rest_route=%2Fwp%2Fv2%2Fcategories&post=303230"},{"taxonomy":"post_tag","embeddable":true,"href":"https:\/\/archive.sana.sy\/tr\/index.php?rest_route=%2Fwp%2Fv2%2Ftags&post=303230"}],"curies":[{"name":"wp","href":"https:\/\/api.w.org\/{rel}","templated":true}]}}