{"id":303235,"date":"2024-06-09T14:37:27","date_gmt":"2024-06-09T11:37:27","guid":{"rendered":"https:\/\/sana.sy\/tr\/?p=303235"},"modified":"2024-06-10T08:13:59","modified_gmt":"2024-06-10T05:13:59","slug":"lubnan-direnisi-isgal-edilen-lubnanin-kefir-suba-tepelerindeki-dusman-israili-fuzelerle-hedef-aldi","status":"publish","type":"post","link":"https:\/\/archive.sana.sy\/tr\/?p=303235","title":{"rendered":"L\u00fcbnan Direni\u015fi \u0130\u015fgal Edilen L\u00fcbnan&#8217;\u0131n Kefir \u015euba Tepelerindeki D\u00fc\u015fman \u0130srail\u2019i F\u00fczelerle Hedef Ald\u0131"},"content":{"rendered":"<p style=\"text-align: justify;\"><strong>BEYRUT (SANA)<\/strong> &#8211; L\u00fcbnan direni\u015fi bu sabah i\u015fgal alt\u0131ndaki L\u00fcbnan&#8217;\u0131n Kfar Shuba tepelerindeki Ramtha mevkiindeki \u0130srail d\u00fc\u015fman\u0131n\u0131 f\u00fcze silahlar\u0131yla hedef alarak do\u011frudan isabet elde etti.<\/p>\n<p style=\"text-align: justify;\">Direni\u015f bildirisinde bug\u00fcn \u015funlar s\u00f6ylendi: &#8220;Gazze \u015eeridi&#8217;ndeki kararl\u0131 Filistin halk\u0131m\u0131z\u0131n ve onlar\u0131n cesur ve onurlu direni\u015finin desteklenmesi amac\u0131yla direni\u015f sava\u015f\u00e7\u0131lar\u0131, i\u015fgal alt\u0131ndaki L\u00fcbnan&#8217;\u0131n Kfar Shuba tepelerindeki Ramtha b\u00f6lgesini f\u00fcze silahlar\u0131yla hedef ald\u0131 ve do\u011frudan vurdu.&#8221; \u200f<\/p>\n<p style=\"text-align: justify;\">D\u00fcn L\u00fcbnan Ulusal Direni\u015fi, L\u00fcbnan-Filistin s\u0131n\u0131r\u0131ndaki be\u015f \u0130srail d\u00fc\u015fman b\u00f6lgesini ve toplant\u0131s\u0131n\u0131 hedef alarak do\u011frudan ve isabetli isabetler elde etmi\u015fti.<\/p>\n<p style=\"text-align: center;\"><strong><a href=\"https:\/\/t.me\/SuriyeArapHaberAjansI\">Telegram Kanal\u0131m\u0131z\u00a0<\/a>||<a href=\"https:\/\/twitter.com\/arap_ajans\">X Platformumuz\u00a0<\/a>||<a href=\"https:\/\/www.facebook.com\/SANAHaberAjansi\/\">Facebook Sayfam\u0131z<\/a><\/strong><\/p>\n","protected":false},"excerpt":{"rendered":"<p>BEYRUT (SANA) &#8211; L\u00fcbnan direni\u015fi bu sabah i\u015fgal alt\u0131ndaki L\u00fcbnan&#8217;\u0131n Kfar Shuba tepelerindeki Ramtha mevkiindeki \u0130srail d\u00fc\u015fman\u0131n\u0131 f\u00fcze silahlar\u0131yla hedef alarak do\u011frudan isabet elde etti. Direni\u015f bildirisinde bug\u00fcn \u015funlar s\u00f6ylendi: &#8220;Gazze \u015eeridi&#8217;ndeki kararl\u0131 Filistin halk\u0131m\u0131z\u0131n ve onlar\u0131n cesur ve onurlu direni\u015finin desteklenmesi amac\u0131yla direni\u015f sava\u015f\u00e7\u0131lar\u0131, i\u015fgal alt\u0131ndaki L\u00fcbnan&#8217;\u0131n Kfar Shuba tepelerindeki Ramtha b\u00f6lgesini f\u00fcze silahlar\u0131yla &hellip;<\/p>\n","protected":false},"author":41,"featured_media":303236,"comment_status":"closed","ping_status":"closed","sticky":false,"template":"","format":"standard","meta":{"footnotes":""},"categories":[458,459,17988],"tags":[41651],"class_list":["post-303235","post","type-post","status-publish","format-standard","has-post-thumbnail","","category-dunya1","category-haberler-arap-uluslararasi-politika","category-son-haberler","tag-lubnan-direnisi-isgal-edilen-lubnanin-kefir-suba-tepelerindeki-dusman-israili-fuzelerle-hedef-aldi"],"_links":{"self":[{"href":"https:\/\/archive.sana.sy\/tr\/index.php?rest_route=\/wp\/v2\/posts\/303235","targetHints":{"allow":["GET"]}}],"collection":[{"href":"https:\/\/archive.sana.sy\/tr\/index.php?rest_route=\/wp\/v2\/posts"}],"about":[{"href":"https:\/\/archive.sana.sy\/tr\/index.php?rest_route=\/wp\/v2\/types\/post"}],"author":[{"embeddable":true,"href":"https:\/\/archive.sana.sy\/tr\/index.php?rest_route=\/wp\/v2\/users\/41"}],"replies":[{"embeddable":true,"href":"https:\/\/archive.sana.sy\/tr\/index.php?rest_route=%2Fwp%2Fv2%2Fcomments&post=303235"}],"version-history":[{"count":2,"href":"https:\/\/archive.sana.sy\/tr\/index.php?rest_route=\/wp\/v2\/posts\/303235\/revisions"}],"predecessor-version":[{"id":303238,"href":"https:\/\/archive.sana.sy\/tr\/index.php?rest_route=\/wp\/v2\/posts\/303235\/revisions\/303238"}],"wp:featuredmedia":[{"embeddable":true,"href":"https:\/\/archive.sana.sy\/tr\/index.php?rest_route=\/wp\/v2\/media\/303236"}],"wp:attachment":[{"href":"https:\/\/archive.sana.sy\/tr\/index.php?rest_route=%2Fwp%2Fv2%2Fmedia&parent=303235"}],"wp:term":[{"taxonomy":"category","embeddable":true,"href":"https:\/\/archive.sana.sy\/tr\/index.php?rest_route=%2Fwp%2Fv2%2Fcategories&post=303235"},{"taxonomy":"post_tag","embeddable":true,"href":"https:\/\/archive.sana.sy\/tr\/index.php?rest_route=%2Fwp%2Fv2%2Ftags&post=303235"}],"curies":[{"name":"wp","href":"https:\/\/api.w.org\/{rel}","templated":true}]}}