{"id":303239,"date":"2024-06-09T05:45:29","date_gmt":"2024-06-09T02:45:29","guid":{"rendered":"https:\/\/sana.sy\/tr\/?p=303239"},"modified":"2024-06-10T08:13:06","modified_gmt":"2024-06-10T05:13:06","slug":"ukrayna-guclerinin-donetsk-cumhuriyetini-bombalamasi-sonucu-6-sivil-yaralandi","status":"publish","type":"post","link":"https:\/\/archive.sana.sy\/tr\/?p=303239","title":{"rendered":"Ukrayna G\u00fc\u00e7lerinin Donetsk Cumhuriyeti&#8217;ni Bombalamas\u0131 Sonucu 6 Sivil Yaraland\u0131"},"content":{"rendered":"<p style=\"text-align: justify;\"><strong>MOSKOVA (SANA)<\/strong> &#8211;\u00a0 Donetsk Halk Cumhuriyeti&#8217;nin Ukrayna&#8217;daki Sava\u015f Su\u00e7lar\u0131yla \u0130lgili Sorunlar\u0131 \u0130zleme ve Koordinasyon Ortak Merkezi&#8217;ndeki temsilcili\u011fi, bug\u00fcn Ukrayna&#8217;n\u0131n Cumhuriyet topraklar\u0131na y\u00f6nelik devam eden bombard\u0131man\u0131 sonucunda alt\u0131 sivilin yaraland\u0131\u011f\u0131n\u0131 duyurdu.<\/p>\n<p style=\"text-align: justify;\">TASS, temsilcinin \u015funlar\u0131 s\u00f6yledi\u011fini aktard\u0131: \u2018\u2019Ukrayna silahl\u0131 olu\u015fumlar\u0131, son 24 saat i\u00e7inde Donetsk Cumhuriyeti&#8217;ndeki temas hatt\u0131 yak\u0131n\u0131ndaki b\u00f6lgelere 49 sald\u0131r\u0131 d\u00fczenledi ve bu sald\u0131r\u0131larda \u00e7e\u015fitli t\u00fcrlerde 119 top mermisi att\u0131. \u00a0Sonu\u00e7 olarak, alt\u0131 sivil yaraland\u0131 ve 4 konut y\u0131k\u0131ld\u0131.\u2019\u2019<\/p>\n<p style=\"text-align: center;\"><strong><a href=\"https:\/\/t.me\/SuriyeArapHaberAjansI\">Telegram Kanal\u0131m\u0131z\u00a0<\/a>||<a href=\"https:\/\/twitter.com\/arap_ajans\">X Platformumuz\u00a0<\/a>||<a href=\"https:\/\/www.facebook.com\/SANAHaberAjansi\/\">Facebook Sayfam\u0131z<\/a><\/strong><\/p>\n","protected":false},"excerpt":{"rendered":"<p>MOSKOVA (SANA) &#8211;\u00a0 Donetsk Halk Cumhuriyeti&#8217;nin Ukrayna&#8217;daki Sava\u015f Su\u00e7lar\u0131yla \u0130lgili Sorunlar\u0131 \u0130zleme ve Koordinasyon Ortak Merkezi&#8217;ndeki temsilcili\u011fi, bug\u00fcn Ukrayna&#8217;n\u0131n Cumhuriyet topraklar\u0131na y\u00f6nelik devam eden bombard\u0131man\u0131 sonucunda alt\u0131 sivilin yaraland\u0131\u011f\u0131n\u0131 duyurdu. TASS, temsilcinin \u015funlar\u0131 s\u00f6yledi\u011fini aktard\u0131: \u2018\u2019Ukrayna silahl\u0131 olu\u015fumlar\u0131, son 24 saat i\u00e7inde Donetsk Cumhuriyeti&#8217;ndeki temas hatt\u0131 yak\u0131n\u0131ndaki b\u00f6lgelere 49 sald\u0131r\u0131 d\u00fczenledi ve bu sald\u0131r\u0131larda \u00e7e\u015fitli &hellip;<\/p>\n","protected":false},"author":41,"featured_media":303240,"comment_status":"closed","ping_status":"closed","sticky":false,"template":"","format":"standard","meta":{"footnotes":""},"categories":[458,459,17988],"tags":[41652],"class_list":["post-303239","post","type-post","status-publish","format-standard","has-post-thumbnail","","category-dunya1","category-haberler-arap-uluslararasi-politika","category-son-haberler","tag-ukrayna-guclerinin-donetsk-cumhuriyetini-bombalamasi-sonucu-6-sivil-yaralandi"],"_links":{"self":[{"href":"https:\/\/archive.sana.sy\/tr\/index.php?rest_route=\/wp\/v2\/posts\/303239","targetHints":{"allow":["GET"]}}],"collection":[{"href":"https:\/\/archive.sana.sy\/tr\/index.php?rest_route=\/wp\/v2\/posts"}],"about":[{"href":"https:\/\/archive.sana.sy\/tr\/index.php?rest_route=\/wp\/v2\/types\/post"}],"author":[{"embeddable":true,"href":"https:\/\/archive.sana.sy\/tr\/index.php?rest_route=\/wp\/v2\/users\/41"}],"replies":[{"embeddable":true,"href":"https:\/\/archive.sana.sy\/tr\/index.php?rest_route=%2Fwp%2Fv2%2Fcomments&post=303239"}],"version-history":[{"count":1,"href":"https:\/\/archive.sana.sy\/tr\/index.php?rest_route=\/wp\/v2\/posts\/303239\/revisions"}],"predecessor-version":[{"id":303241,"href":"https:\/\/archive.sana.sy\/tr\/index.php?rest_route=\/wp\/v2\/posts\/303239\/revisions\/303241"}],"wp:featuredmedia":[{"embeddable":true,"href":"https:\/\/archive.sana.sy\/tr\/index.php?rest_route=\/wp\/v2\/media\/303240"}],"wp:attachment":[{"href":"https:\/\/archive.sana.sy\/tr\/index.php?rest_route=%2Fwp%2Fv2%2Fmedia&parent=303239"}],"wp:term":[{"taxonomy":"category","embeddable":true,"href":"https:\/\/archive.sana.sy\/tr\/index.php?rest_route=%2Fwp%2Fv2%2Fcategories&post=303239"},{"taxonomy":"post_tag","embeddable":true,"href":"https:\/\/archive.sana.sy\/tr\/index.php?rest_route=%2Fwp%2Fv2%2Ftags&post=303239"}],"curies":[{"name":"wp","href":"https:\/\/api.w.org\/{rel}","templated":true}]}}