{"id":303252,"date":"2024-06-09T16:47:03","date_gmt":"2024-06-09T13:47:03","guid":{"rendered":"https:\/\/sana.sy\/tr\/?p=303252"},"modified":"2024-06-12T09:06:07","modified_gmt":"2024-06-12T06:06:07","slug":"bilgi-ve-yuksek-ogrenim-bakanlarinin-katilimiyla-kultur-ve-ulusal-kimligin-gelistirilmesinde-universitelerin-ve-medyanin-rolu-uzerine-bir-diyalog-oturumu-duzenlendi","status":"publish","type":"post","link":"https:\/\/archive.sana.sy\/tr\/?p=303252","title":{"rendered":"Enfromasyon Ve \u00d6\u011fretim Bakanlar\u0131n\u0131n Kat\u0131l\u0131m\u0131yla &#8230;K\u00fclt\u00fcr Ve Ulusal Kimli\u011fin Geli\u015ftirilmesinde \u00dcniversitelerin Ve Medyan\u0131n Rol\u00fc \u00dczerine Bir Diyalog Oturumu"},"content":{"rendered":"<p style=\"text-align: justify;\"><strong>\u015eAM (SANA)<\/strong> &#8211; Fark\u0131ndal\u0131k, aidiyet ve kimli\u011fin geli\u015ftirilmesinde medya kurumlar\u0131n\u0131n rol\u00fc, gen\u00e7li\u011fin rol\u00fc ve kimli\u011fimize ve medeniyetimize ba\u011fl\u0131 kalman\u0131n \u00f6nemi, bug\u00fcn Enformasyon Bakan\u0131 Butrus Hallak ve Y\u00fcksek \u00d6\u011fretim ve Bilimsel Ara\u015ft\u0131rma Bakan\u0131 Bessam \u0130brahim&#8217;in huzurunda \u015eam \u00dcniversitesi&#8217;nde \u00a0ger\u00e7ekle\u015fen diyalog toplant\u0131s\u0131n\u0131n <img loading=\"lazy\" decoding=\"async\" class=\"size-full wp-image-303254 alignright\" src=\"http:\/\/sana.sy\/tr\/wp-content\/uploads\/2024\/06\/001-4-300x193-1.jpg\" alt=\"\" width=\"300\" height=\"193\" \/>en \u00f6nemli eksenleri olu\u015fturdu.<\/p>\n<p style=\"text-align: justify;\">\u201cGen\u00e7lik ve Ulusal K\u00fclt\u00fcr ve Kimli\u011fin Geli\u015ftirilmesi\u2026 \u00dcniversitelerin, Medyan\u0131n ve Gen\u00e7lik Sivil Toplum Kurulu\u015flar\u0131n\u0131n Rol\u00fc\u201d ba\u015fl\u0131kl\u0131 oturuma \u00e7ok say\u0131da \u00f6\u011frenci, medya profesyoneli, profes\u00f6r ve \u00fcniversite dekan\u0131 kat\u0131ld\u0131.<\/p>\n<p style=\"text-align: justify;\">\u00a0Kat\u0131l\u0131mc\u0131lar, modern liberalizm kavram\u0131n\u0131, Arap k\u00fclt\u00fcr\u00fcn\u00fcn ve Suriye kimli\u011finin kar\u015f\u0131 kar\u015f\u0131ya oldu\u011fu en \u00f6nemli zorluklar olarak, onun k\u00f6kenini ve toplumlar\u0131 daha k\u00f6t\u00fcye do\u011fru de\u011fi\u015ftirmeyi ve insani de\u011ferleri yok etmeyi ama\u00e7layan Arap k\u00fclt\u00fcr\u00fcne y\u00f6nelik tehlikesi olarak tart\u0131\u015ft\u0131lar.<\/p>\n<p style=\"text-align: justify;\">Bakan Hallak, medyan\u0131n ve sosyal medyan\u0131n rol\u00fcn\u00fc ve kamuoyu \u00fczerindeki etkisini, teknolojinin toplum \u00fczerinde yaratt\u0131\u011f\u0131 de\u011fi\u015fiklikleri, k\u00fclt\u00fcrel ba\u011flar\u0131, de\u011ferleri ve kimli\u011fi g\u00fc\u00e7lendirmek i\u00e7in \u00e7al\u0131\u015fman\u0131n gereklili\u011fini vurgulayarak, \u00f6zellikle sava\u015f\u0131n olumsuz etkilerini Suriye toplumunun t\u00fcm kesimlerine, \u00f6zellikle de gen\u00e7lere empoze etmeye \u00e7al\u0131\u015ft\u0131\u011f\u0131 g\u00fcn\u00fcm\u00fczde medyan\u0131n kar\u015f\u0131 kar\u015f\u0131ya oldu\u011fu zorluklara dikkat \u00e7ekti.<\/p>\n<p style=\"text-align: justify;\">Bakan \u0130brahim ise \u00fcniversitenin gen\u00e7lerin ulusal kimli\u011fini g\u00fc\u00e7lendirmedeki rol\u00fcn\u00fc ve gen\u00e7lerin fikirlerini korumak, onlar\u0131 kendilerine ve \u00fclkelerine faydal\u0131 olana y\u00f6nlendirmek amac\u0131yla onlar\u0131 k\u00fclt\u00fcr kurumlar\u0131na dahil etme \u00e7abas\u0131n\u0131 anlat\u0131rken, \u00a0Arap dilinin kar\u015f\u0131 kar\u015f\u0131ya oldu\u011fu zorluklarla, \u00f6zellikle de yabanc\u0131 terminolojiyle y\u00fczle\u015fmenin gereklili\u011fine \u00e7a\u011fr\u0131da bulundu.<\/p>\n<div id='gallery-1' class='gallery galleryid-303252 gallery-columns-4 gallery-size-medium'><figure class='gallery-item'>\n\t\t\t<div class='gallery-icon landscape'>\n\t\t\t\t<a href='https:\/\/archive.sana.sy\/tr\/?attachment_id=303255'><img loading=\"lazy\" decoding=\"async\" width=\"300\" height=\"199\" src=\"https:\/\/archive.sana.sy\/tr\/wp-content\/uploads\/2024\/06\/2-10-300x199.jpg\" class=\"attachment-medium size-medium\" alt=\"\" srcset=\"https:\/\/archive.sana.sy\/tr\/wp-content\/uploads\/2024\/06\/2-10-300x199.jpg 300w, https:\/\/archive.sana.sy\/tr\/wp-content\/uploads\/2024\/06\/2-10-310x205.jpg 310w, https:\/\/archive.sana.sy\/tr\/wp-content\/uploads\/2024\/06\/2-10.jpg 660w\" sizes=\"auto, (max-width: 300px) 100vw, 300px\" \/><\/a>\n\t\t\t<\/div><\/figure><figure class='gallery-item'>\n\t\t\t<div class='gallery-icon landscape'>\n\t\t\t\t<a href='https:\/\/archive.sana.sy\/tr\/?attachment_id=303256'><img loading=\"lazy\" decoding=\"async\" width=\"300\" height=\"200\" src=\"https:\/\/archive.sana.sy\/tr\/wp-content\/uploads\/2024\/06\/4-3-300x200.jpg\" class=\"attachment-medium size-medium\" alt=\"\" srcset=\"https:\/\/archive.sana.sy\/tr\/wp-content\/uploads\/2024\/06\/4-3-300x200.jpg 300w, https:\/\/archive.sana.sy\/tr\/wp-content\/uploads\/2024\/06\/4-3.jpg 660w\" sizes=\"auto, (max-width: 300px) 100vw, 300px\" \/><\/a>\n\t\t\t<\/div><\/figure><figure class='gallery-item'>\n\t\t\t<div class='gallery-icon landscape'>\n\t\t\t\t<a href='https:\/\/archive.sana.sy\/tr\/?attachment_id=303257'><img loading=\"lazy\" decoding=\"async\" width=\"300\" height=\"200\" src=\"https:\/\/archive.sana.sy\/tr\/wp-content\/uploads\/2024\/06\/3-8-300x200.jpg\" class=\"attachment-medium size-medium\" alt=\"\" srcset=\"https:\/\/archive.sana.sy\/tr\/wp-content\/uploads\/2024\/06\/3-8-300x200.jpg 300w, https:\/\/archive.sana.sy\/tr\/wp-content\/uploads\/2024\/06\/3-8.jpg 660w\" sizes=\"auto, (max-width: 300px) 100vw, 300px\" \/><\/a>\n\t\t\t<\/div><\/figure><figure class='gallery-item'>\n\t\t\t<div class='gallery-icon landscape'>\n\t\t\t\t<a href='https:\/\/archive.sana.sy\/tr\/?attachment_id=303258'><img loading=\"lazy\" decoding=\"async\" width=\"300\" height=\"195\" src=\"https:\/\/archive.sana.sy\/tr\/wp-content\/uploads\/2024\/06\/1-12-300x195.jpg\" class=\"attachment-medium size-medium\" alt=\"\" srcset=\"https:\/\/archive.sana.sy\/tr\/wp-content\/uploads\/2024\/06\/1-12-300x195.jpg 300w, https:\/\/archive.sana.sy\/tr\/wp-content\/uploads\/2024\/06\/1-12.jpg 660w\" sizes=\"auto, (max-width: 300px) 100vw, 300px\" \/><\/a>\n\t\t\t<\/div><\/figure>\n\t\t<\/div>\n\n<p style=\"text-align: center;\"><strong><a href=\"https:\/\/t.me\/SuriyeArapHaberAjansI\">Telegram Kanal\u0131m\u0131z\u00a0<\/a>||<a href=\"https:\/\/twitter.com\/arap_ajans\">X Platformumuz\u00a0<\/a>||<a href=\"https:\/\/www.facebook.com\/SANAHaberAjansi\/\">Facebook Sayfam\u0131z<\/a><\/strong><\/p>\n","protected":false},"excerpt":{"rendered":"<p>\u015eAM (SANA) &#8211; Fark\u0131ndal\u0131k, aidiyet ve kimli\u011fin geli\u015ftirilmesinde medya kurumlar\u0131n\u0131n rol\u00fc, gen\u00e7li\u011fin rol\u00fc ve kimli\u011fimize ve medeniyetimize ba\u011fl\u0131 kalman\u0131n \u00f6nemi, bug\u00fcn Enformasyon Bakan\u0131 Butrus Hallak ve Y\u00fcksek \u00d6\u011fretim ve Bilimsel Ara\u015ft\u0131rma Bakan\u0131 Bessam \u0130brahim&#8217;in huzurunda \u015eam \u00dcniversitesi&#8217;nde \u00a0ger\u00e7ekle\u015fen diyalog toplant\u0131s\u0131n\u0131n en \u00f6nemli eksenleri olu\u015fturdu. \u201cGen\u00e7lik ve Ulusal K\u00fclt\u00fcr ve Kimli\u011fin Geli\u015ftirilmesi\u2026 \u00dcniversitelerin, Medyan\u0131n ve Gen\u00e7lik &hellip;<\/p>\n","protected":false},"author":41,"featured_media":303253,"comment_status":"closed","ping_status":"closed","sticky":false,"template":"","format":"standard","meta":{"footnotes":""},"categories":[458,459,479,17988,478],"tags":[41655],"class_list":["post-303252","post","type-post","status-publish","format-standard","has-post-thumbnail","","category-dunya1","category-haberler-arap-uluslararasi-politika","category-haberler-yerel","category-son-haberler","category-yerel","tag-bilgi-ve-yuksek-ogrenim-bakanlarinin-katilimiyla-kultur-ve-ulusal-kimligin-gelistirilmesinde-universitelerin-ve-medyanin-rolu-uzerine-bir-diyalog-oturumu-duzenlendi"],"_links":{"self":[{"href":"https:\/\/archive.sana.sy\/tr\/index.php?rest_route=\/wp\/v2\/posts\/303252","targetHints":{"allow":["GET"]}}],"collection":[{"href":"https:\/\/archive.sana.sy\/tr\/index.php?rest_route=\/wp\/v2\/posts"}],"about":[{"href":"https:\/\/archive.sana.sy\/tr\/index.php?rest_route=\/wp\/v2\/types\/post"}],"author":[{"embeddable":true,"href":"https:\/\/archive.sana.sy\/tr\/index.php?rest_route=\/wp\/v2\/users\/41"}],"replies":[{"embeddable":true,"href":"https:\/\/archive.sana.sy\/tr\/index.php?rest_route=%2Fwp%2Fv2%2Fcomments&post=303252"}],"version-history":[{"count":5,"href":"https:\/\/archive.sana.sy\/tr\/index.php?rest_route=\/wp\/v2\/posts\/303252\/revisions"}],"predecessor-version":[{"id":303290,"href":"https:\/\/archive.sana.sy\/tr\/index.php?rest_route=\/wp\/v2\/posts\/303252\/revisions\/303290"}],"wp:featuredmedia":[{"embeddable":true,"href":"https:\/\/archive.sana.sy\/tr\/index.php?rest_route=\/wp\/v2\/media\/303253"}],"wp:attachment":[{"href":"https:\/\/archive.sana.sy\/tr\/index.php?rest_route=%2Fwp%2Fv2%2Fmedia&parent=303252"}],"wp:term":[{"taxonomy":"category","embeddable":true,"href":"https:\/\/archive.sana.sy\/tr\/index.php?rest_route=%2Fwp%2Fv2%2Fcategories&post=303252"},{"taxonomy":"post_tag","embeddable":true,"href":"https:\/\/archive.sana.sy\/tr\/index.php?rest_route=%2Fwp%2Fv2%2Ftags&post=303252"}],"curies":[{"name":"wp","href":"https:\/\/api.w.org\/{rel}","templated":true}]}}