{"id":303266,"date":"2024-06-09T14:36:12","date_gmt":"2024-06-09T11:36:12","guid":{"rendered":"https:\/\/sana.sy\/tr\/?p=303266"},"modified":"2024-06-10T14:25:06","modified_gmt":"2024-06-10T11:25:06","slug":"ordu-cok-sayida-teroristi-oldurdu-ve-cesitli-bolgelerde-ihalarini-imha-etti","status":"publish","type":"post","link":"https:\/\/archive.sana.sy\/tr\/?p=303266","title":{"rendered":"Ordu \u00c7ok Say\u0131da Ter\u00f6risti \u00d6ld\u00fcrd\u00fc Ve \u00c7e\u015fitli B\u00f6lgelerde \u0130HA\u2019lar\u0131n\u0131 \u0130mha Etti"},"content":{"rendered":"<p style=\"text-align: justify;\"><strong>\u015eAM (SANA)<\/strong> &#8211;\u00a0 Suriye Arap Ordusu birlikleri, Suriye \u00e7\u00f6l\u00fcnde bir ter\u00f6r \u00f6rg\u00fct\u00fcn\u00fcn \u00fcyelerini \u00f6ld\u00fcr\u00fcp yaralad\u0131 ve Suriye-\u00dcrd\u00fcn s\u0131n\u0131r\u0131 yak\u0131n\u0131nda b\u00fcy\u00fck miktarda narkotik uyu\u015fturucuya el koydu. Bu esnada Halep ve Lazkiye istikametlerinde faaliyet g\u00f6steren ordu birliklerimiz, ter\u00f6r \u00f6rg\u00fctlerinin \u00e7ok say\u0131da \u0130HA\u2019s\u0131n\u0131 de imha etti.<\/p>\n<p style=\"text-align: justify;\">Savunma Bakanl\u0131\u011f\u0131 bug\u00fcn yapt\u0131\u011f\u0131 a\u00e7\u0131klamada, \u00a0&#8220;Silahl\u0131 kuvvetlerimizin Suriye \u00e7\u00f6l\u00fcne do\u011fru harek\u00e2t yapan bir birimi, s\u00f6zde I\u015e\u0130D ter\u00f6r \u00f6rg\u00fct\u00fcne ba\u011fl\u0131 ter\u00f6r \u00f6rg\u00fct\u00fcyle \u00e7at\u0131\u015ft. \u00a0Bu, silahl\u0131 kuvvetlerimizin bu y\u00f6nde faaliyet g\u00f6steren birimlerinin, Suriye \u00e7\u00f6l\u00fcn\u00fcn derinliklerindeki ter\u00f6r \u00f6rg\u00fctlerinin yuvalar\u0131n\u0131 takip etmek amac\u0131yla ger\u00e7ekle\u015ftirdi\u011fi tarama operasyonlar\u0131yla birlikte ger\u00e7ekle\u015fti. \u00c7at\u0131\u015fmada \u00e7ok say\u0131da ter\u00f6rist \u00f6ld\u00fcr\u00fcld\u00fc, baz\u0131lar\u0131 da yaraland\u0131&#8221; dedi.<\/p>\n<p style=\"text-align: justify;\">A\u00e7\u0131klamada ayn\u0131 ba\u011flamda \u015fu ifadelere de yer verildi: &#8220;\u0130zleme ve takip sonras\u0131nda S\u0131n\u0131r Muhaf\u0131z g\u00fc\u00e7lerine ba\u011fl\u0131 bir birlik, b\u00fcy\u00fck miktarlarda narkotik uyu\u015fturucuya el koymay\u0131 ba\u015fard\u0131 ve Suriye-\u00dcrd\u00fcn s\u0131n\u0131r\u0131na uyu\u015fturucu ka\u00e7ak\u00e7\u0131l\u0131\u011f\u0131 yapmaya \u00e7al\u0131\u015fan iki ka\u00e7ak\u00e7\u0131y\u0131 tutuklad\u0131.&#8221;<\/p>\n<p style=\"text-align: justify;\">Bakanl\u0131\u011f\u0131n a\u00e7\u0131klamas\u0131na g\u00f6re, &#8220;Halep ve Lazkiye k\u0131rsal\u0131 istikametinde faaliyet g\u00f6steren silahl\u0131 kuvvetlerimize ba\u011fl\u0131 birlikler, ter\u00f6r \u00f6rg\u00fctlerinin g\u00fcvenli b\u00f6lgelerdeki askeri noktalara ve sivil vatanda\u015flara sald\u0131r\u0131 amac\u0131yla f\u0131rlatt\u0131\u011f\u0131 7 \u0130HA&#8217;y\u0131 vurarak imha etmi\u015ftir.&#8221;<\/p>\n<p style=\"text-align: center;\"><strong><a href=\"https:\/\/t.me\/SuriyeArapHaberAjansI\">Telegram Kanal\u0131m\u0131z<span style=\"color: #ff0000;\">\u00a0<\/span><\/a><span style=\"color: #ff0000;\">||<\/span><a href=\"https:\/\/twitter.com\/arap_ajans\">X Platformumuz\u00a0<\/a><span style=\"color: #ff0000;\">||<\/span><a href=\"https:\/\/www.facebook.com\/SANAHaberAjansi\/\">Facebook Sayfam\u0131z<\/a><\/strong><\/p>\n<div id='gallery-1' class='gallery galleryid-303266 gallery-columns-2 gallery-size-medium'><figure class='gallery-item'>\n\t\t\t<div class='gallery-icon portrait'>\n\t\t\t\t<a href='https:\/\/archive.sana.sy\/tr\/?attachment_id=303277'><img loading=\"lazy\" decoding=\"async\" width=\"169\" height=\"300\" src=\"https:\/\/archive.sana.sy\/tr\/wp-content\/uploads\/2024\/06\/1-13-169x300.jpg\" class=\"attachment-medium size-medium\" alt=\"\" srcset=\"https:\/\/archive.sana.sy\/tr\/wp-content\/uploads\/2024\/06\/1-13-169x300.jpg 169w, https:\/\/archive.sana.sy\/tr\/wp-content\/uploads\/2024\/06\/1-13-576x1024.jpg 576w, https:\/\/archive.sana.sy\/tr\/wp-content\/uploads\/2024\/06\/1-13.jpg 660w\" sizes=\"auto, (max-width: 169px) 100vw, 169px\" \/><\/a>\n\t\t\t<\/div><\/figure><figure class='gallery-item'>\n\t\t\t<div class='gallery-icon portrait'>\n\t\t\t\t<a href='https:\/\/archive.sana.sy\/tr\/?attachment_id=303278'><img loading=\"lazy\" decoding=\"async\" width=\"169\" height=\"300\" src=\"https:\/\/archive.sana.sy\/tr\/wp-content\/uploads\/2024\/06\/2-11-169x300.jpg\" class=\"attachment-medium size-medium\" alt=\"\" srcset=\"https:\/\/archive.sana.sy\/tr\/wp-content\/uploads\/2024\/06\/2-11-169x300.jpg 169w, https:\/\/archive.sana.sy\/tr\/wp-content\/uploads\/2024\/06\/2-11-576x1024.jpg 576w, https:\/\/archive.sana.sy\/tr\/wp-content\/uploads\/2024\/06\/2-11.jpg 660w\" sizes=\"auto, (max-width: 169px) 100vw, 169px\" \/><\/a>\n\t\t\t<\/div><\/figure><figure class='gallery-item'>\n\t\t\t<div class='gallery-icon portrait'>\n\t\t\t\t<a href='https:\/\/archive.sana.sy\/tr\/?attachment_id=303279'><img loading=\"lazy\" decoding=\"async\" width=\"169\" height=\"300\" src=\"https:\/\/archive.sana.sy\/tr\/wp-content\/uploads\/2024\/06\/3-9-169x300.jpg\" class=\"attachment-medium size-medium\" alt=\"\" srcset=\"https:\/\/archive.sana.sy\/tr\/wp-content\/uploads\/2024\/06\/3-9-169x300.jpg 169w, https:\/\/archive.sana.sy\/tr\/wp-content\/uploads\/2024\/06\/3-9-577x1024.jpg 577w, https:\/\/archive.sana.sy\/tr\/wp-content\/uploads\/2024\/06\/3-9.jpg 660w\" sizes=\"auto, (max-width: 169px) 100vw, 169px\" \/><\/a>\n\t\t\t<\/div><\/figure><figure class='gallery-item'>\n\t\t\t<div class='gallery-icon portrait'>\n\t\t\t\t<a href='https:\/\/archive.sana.sy\/tr\/?attachment_id=303280'><img loading=\"lazy\" decoding=\"async\" width=\"203\" height=\"300\" src=\"https:\/\/archive.sana.sy\/tr\/wp-content\/uploads\/2024\/06\/4-4-203x300.jpg\" class=\"attachment-medium size-medium\" alt=\"\" srcset=\"https:\/\/archive.sana.sy\/tr\/wp-content\/uploads\/2024\/06\/4-4-203x300.jpg 203w, https:\/\/archive.sana.sy\/tr\/wp-content\/uploads\/2024\/06\/4-4.jpg 660w\" sizes=\"auto, (max-width: 203px) 100vw, 203px\" \/><\/a>\n\t\t\t<\/div><\/figure><figure class='gallery-item'>\n\t\t\t<div class='gallery-icon portrait'>\n\t\t\t\t<a href='https:\/\/archive.sana.sy\/tr\/?attachment_id=303281'><img loading=\"lazy\" decoding=\"async\" width=\"225\" height=\"300\" src=\"https:\/\/archive.sana.sy\/tr\/wp-content\/uploads\/2024\/06\/5-1-225x300.jpg\" class=\"attachment-medium size-medium\" alt=\"\" srcset=\"https:\/\/archive.sana.sy\/tr\/wp-content\/uploads\/2024\/06\/5-1-225x300.jpg 225w, https:\/\/archive.sana.sy\/tr\/wp-content\/uploads\/2024\/06\/5-1.jpg 660w\" sizes=\"auto, (max-width: 225px) 100vw, 225px\" \/><\/a>\n\t\t\t<\/div><\/figure><figure class='gallery-item'>\n\t\t\t<div class='gallery-icon portrait'>\n\t\t\t\t<a href='https:\/\/archive.sana.sy\/tr\/?attachment_id=303282'><img loading=\"lazy\" decoding=\"async\" width=\"190\" height=\"300\" src=\"https:\/\/archive.sana.sy\/tr\/wp-content\/uploads\/2024\/06\/6-190x300.jpg\" class=\"attachment-medium size-medium\" alt=\"\" srcset=\"https:\/\/archive.sana.sy\/tr\/wp-content\/uploads\/2024\/06\/6-190x300.jpg 190w, https:\/\/archive.sana.sy\/tr\/wp-content\/uploads\/2024\/06\/6-649x1024.jpg 649w, https:\/\/archive.sana.sy\/tr\/wp-content\/uploads\/2024\/06\/6.jpg 660w\" sizes=\"auto, (max-width: 190px) 100vw, 190px\" \/><\/a>\n\t\t\t<\/div><\/figure>\n\t\t<\/div>\n\n","protected":false},"excerpt":{"rendered":"<p>\u015eAM (SANA) &#8211;\u00a0 Suriye Arap Ordusu birlikleri, Suriye \u00e7\u00f6l\u00fcnde bir ter\u00f6r \u00f6rg\u00fct\u00fcn\u00fcn \u00fcyelerini \u00f6ld\u00fcr\u00fcp yaralad\u0131 ve Suriye-\u00dcrd\u00fcn s\u0131n\u0131r\u0131 yak\u0131n\u0131nda b\u00fcy\u00fck miktarda narkotik uyu\u015fturucuya el koydu. Bu esnada Halep ve Lazkiye istikametlerinde faaliyet g\u00f6steren ordu birliklerimiz, ter\u00f6r \u00f6rg\u00fctlerinin \u00e7ok say\u0131da \u0130HA\u2019s\u0131n\u0131 de imha etti. Savunma Bakanl\u0131\u011f\u0131 bug\u00fcn yapt\u0131\u011f\u0131 a\u00e7\u0131klamada, \u00a0&#8220;Silahl\u0131 kuvvetlerimizin Suriye \u00e7\u00f6l\u00fcne do\u011fru harek\u00e2t yapan &hellip;<\/p>\n","protected":false},"author":41,"featured_media":303267,"comment_status":"closed","ping_status":"closed","sticky":false,"template":"","format":"standard","meta":{"footnotes":""},"categories":[479,17988,478],"tags":[2515,41662,41659,41660,41663,41661],"class_list":["post-303266","post","type-post","status-publish","format-standard","has-post-thumbnail","","category-haberler-yerel","category-son-haberler","category-yerel","tag-isid-teror-orgutu","tag-isid-teror-orgutunun-suriyedeki-etkiligi","tag-suiyede-son-gelimeler","tag-suriye-sinirindaki-uysturucu-hamleleri","tag-suriye-urdun-sinirina-uyusturucu-kacakciligi-yapmaya-calisan-kacakcilar","tag-suriyede-narkotik-madde-iceen"],"_links":{"self":[{"href":"https:\/\/archive.sana.sy\/tr\/index.php?rest_route=\/wp\/v2\/posts\/303266","targetHints":{"allow":["GET"]}}],"collection":[{"href":"https:\/\/archive.sana.sy\/tr\/index.php?rest_route=\/wp\/v2\/posts"}],"about":[{"href":"https:\/\/archive.sana.sy\/tr\/index.php?rest_route=\/wp\/v2\/types\/post"}],"author":[{"embeddable":true,"href":"https:\/\/archive.sana.sy\/tr\/index.php?rest_route=\/wp\/v2\/users\/41"}],"replies":[{"embeddable":true,"href":"https:\/\/archive.sana.sy\/tr\/index.php?rest_route=%2Fwp%2Fv2%2Fcomments&post=303266"}],"version-history":[{"count":4,"href":"https:\/\/archive.sana.sy\/tr\/index.php?rest_route=\/wp\/v2\/posts\/303266\/revisions"}],"predecessor-version":[{"id":303285,"href":"https:\/\/archive.sana.sy\/tr\/index.php?rest_route=\/wp\/v2\/posts\/303266\/revisions\/303285"}],"wp:featuredmedia":[{"embeddable":true,"href":"https:\/\/archive.sana.sy\/tr\/index.php?rest_route=\/wp\/v2\/media\/303267"}],"wp:attachment":[{"href":"https:\/\/archive.sana.sy\/tr\/index.php?rest_route=%2Fwp%2Fv2%2Fmedia&parent=303266"}],"wp:term":[{"taxonomy":"category","embeddable":true,"href":"https:\/\/archive.sana.sy\/tr\/index.php?rest_route=%2Fwp%2Fv2%2Fcategories&post=303266"},{"taxonomy":"post_tag","embeddable":true,"href":"https:\/\/archive.sana.sy\/tr\/index.php?rest_route=%2Fwp%2Fv2%2Ftags&post=303266"}],"curies":[{"name":"wp","href":"https:\/\/api.w.org\/{rel}","templated":true}]}}