{"id":303292,"date":"2024-06-10T06:17:18","date_gmt":"2024-06-10T03:17:18","guid":{"rendered":"https:\/\/sana.sy\/tr\/?p=303292"},"modified":"2024-06-11T11:32:56","modified_gmt":"2024-06-11T08:32:56","slug":"aksa-tufani-operasyonu-bugunun-en-one-cikan-gelismeleri-160","status":"publish","type":"post","link":"https:\/\/archive.sana.sy\/tr\/?p=303292","title":{"rendered":"Aksa Tufan\u0131 Operasyonu\u2026 Bug\u00fcn\u00fcn En \u00d6ne \u00c7\u0131kan Geli\u015fmeleri"},"content":{"rendered":"<p style=\"text-align: justify;\"><strong>\u0130\u015eGAL ED\u0130LEN KUD\u00dcS (SANA) \u2013\u00a0<\/strong>Filistin direni\u015finin i\u015fgalci \u0130srail\u2019in sald\u0131rganl\u0131\u011f\u0131na yan\u0131t olarak 7 Ekim\u2019de ba\u015flatt\u0131\u011f\u0131 Aksa Tufan\u0131 Operasyonu\u2019nda \u00f6ne \u00e7\u0131kan geli\u015fmeler:<\/p>\n<ul>\n<li style=\"text-align: justify;\">Filistin Sa\u011fl\u0131k Bakanl\u0131\u011f\u0131: Gazze \u015eehri&#8217;ndeki sa\u011fl\u0131k tesislerine oksijen sa\u011flayan tek istasyon birka\u00e7 saat i\u00e7inde tamamen kapat\u0131lma tehlikesiyle kar\u015f\u0131 kar\u015f\u0131ya ve bu durum d\u00fczinelerce hasta ve yaral\u0131n\u0131n kesin \u00f6l\u00fcmle sonu\u00e7lanmas\u0131na neden olacak ve BM ve insani kurulu\u015flara acil m\u00fcdahale \u00e7a\u011fr\u0131s\u0131nda bulunuyoruz<\/li>\n<li style=\"text-align: justify;\">Filistin medyas\u0131: \u0130srail i\u015fgal u\u00e7aklar\u0131n\u0131n Gazze \u015eeridi&#8217;nin g\u00fcneyindeki Han Yunus&#8217;ta bir evi bombalamas\u0131 sonucu \u015fehitler ve yaral\u0131lar.<\/li>\n<li style=\"text-align: justify;\">Filistin Sa\u011fl\u0131k Bakanl\u0131\u011f\u0131: Devam eden i\u015fgal sald\u0131rganl\u0131\u011f\u0131n\u0131n kurbanlar\u0131n\u0131n say\u0131s\u0131 248&#8217;inci g\u00fcnde 37 bin 124 \u015fehit ve 84 bin 712 yaral\u0131ya y\u00fckseldi.<\/li>\n<li style=\"text-align: justify;\">Filistin Sa\u011fl\u0131k Bakanl\u0131\u011f\u0131: i\u015fgalci \u0130srail son 24 saatte Gazze \u015eeridi&#8217;nde 5 katliam ger\u00e7ekle\u015ftirdi, 40 \u015fehit ve 218 ki\u015fi yaraland\u0131.<\/li>\n<li style=\"text-align: justify;\">Filistin medyas\u0131: Gazze \u015eeridi&#8217;nin g\u00fcneyinde, Refah \u015fehrinin kuzeyindeki Oreybe, Hirbet El Adas ve El Ha\u015fa\u015f b\u00f6lgelerine \u0130srail i\u015fgalinin top\u00e7u bombard\u0131man\u0131 sonucu \u015fehitler ve yaral\u0131lar.<\/li>\n<li style=\"text-align: justify;\">Filistin medyas\u0131: \u0130srail i\u015fgal u\u00e7aklar\u0131n\u0131n Gazze \u015fehrinin do\u011fusundaki \u015eujaiye mahallesinde bir evi bombalamas\u0131 sonucu \u015fehitler ve yaral\u0131lar.<\/li>\n<\/ul>\n<p style=\"text-align: center;\"><strong><a href=\"https:\/\/t.me\/SuriyeArapHaberAjansI\">Telegram Kanal\u0131m\u0131z\u00a0<\/a>||<a href=\"https:\/\/twitter.com\/arap_ajans\">X Platformumuz\u00a0<\/a>||<a href=\"https:\/\/www.facebook.com\/SANAHaberAjansi\/\">Facebook Sayfam\u0131z<\/a><\/strong><\/p>\n","protected":false},"excerpt":{"rendered":"<p>\u0130\u015eGAL ED\u0130LEN KUD\u00dcS (SANA) \u2013\u00a0Filistin direni\u015finin i\u015fgalci \u0130srail\u2019in sald\u0131rganl\u0131\u011f\u0131na yan\u0131t olarak 7 Ekim\u2019de ba\u015flatt\u0131\u011f\u0131 Aksa Tufan\u0131 Operasyonu\u2019nda \u00f6ne \u00e7\u0131kan geli\u015fmeler: Filistin Sa\u011fl\u0131k Bakanl\u0131\u011f\u0131: Gazze \u015eehri&#8217;ndeki sa\u011fl\u0131k tesislerine oksijen sa\u011flayan tek istasyon birka\u00e7 saat i\u00e7inde tamamen kapat\u0131lma tehlikesiyle kar\u015f\u0131 kar\u015f\u0131ya ve bu durum d\u00fczinelerce hasta ve yaral\u0131n\u0131n kesin \u00f6l\u00fcmle sonu\u00e7lanmas\u0131na neden olacak ve BM ve insani &hellip;<\/p>\n","protected":false},"author":39,"featured_media":303293,"comment_status":"closed","ping_status":"closed","sticky":false,"template":"","format":"standard","meta":{"footnotes":""},"categories":[458,459,17988],"tags":[],"class_list":["post-303292","post","type-post","status-publish","format-standard","has-post-thumbnail","","category-dunya1","category-haberler-arap-uluslararasi-politika","category-son-haberler"],"_links":{"self":[{"href":"https:\/\/archive.sana.sy\/tr\/index.php?rest_route=\/wp\/v2\/posts\/303292","targetHints":{"allow":["GET"]}}],"collection":[{"href":"https:\/\/archive.sana.sy\/tr\/index.php?rest_route=\/wp\/v2\/posts"}],"about":[{"href":"https:\/\/archive.sana.sy\/tr\/index.php?rest_route=\/wp\/v2\/types\/post"}],"author":[{"embeddable":true,"href":"https:\/\/archive.sana.sy\/tr\/index.php?rest_route=\/wp\/v2\/users\/39"}],"replies":[{"embeddable":true,"href":"https:\/\/archive.sana.sy\/tr\/index.php?rest_route=%2Fwp%2Fv2%2Fcomments&post=303292"}],"version-history":[{"count":5,"href":"https:\/\/archive.sana.sy\/tr\/index.php?rest_route=\/wp\/v2\/posts\/303292\/revisions"}],"predecessor-version":[{"id":303330,"href":"https:\/\/archive.sana.sy\/tr\/index.php?rest_route=\/wp\/v2\/posts\/303292\/revisions\/303330"}],"wp:featuredmedia":[{"embeddable":true,"href":"https:\/\/archive.sana.sy\/tr\/index.php?rest_route=\/wp\/v2\/media\/303293"}],"wp:attachment":[{"href":"https:\/\/archive.sana.sy\/tr\/index.php?rest_route=%2Fwp%2Fv2%2Fmedia&parent=303292"}],"wp:term":[{"taxonomy":"category","embeddable":true,"href":"https:\/\/archive.sana.sy\/tr\/index.php?rest_route=%2Fwp%2Fv2%2Fcategories&post=303292"},{"taxonomy":"post_tag","embeddable":true,"href":"https:\/\/archive.sana.sy\/tr\/index.php?rest_route=%2Fwp%2Fv2%2Ftags&post=303292"}],"curies":[{"name":"wp","href":"https:\/\/api.w.org\/{rel}","templated":true}]}}