{"id":303314,"date":"2024-06-10T10:57:23","date_gmt":"2024-06-10T07:57:23","guid":{"rendered":"https:\/\/sana.sy\/tr\/?p=303314"},"modified":"2024-06-12T09:03:48","modified_gmt":"2024-06-12T06:03:48","slug":"bati-seriada-israil-isgal-guclerinin-kursunlariyla-2-filistinli-sehit-dustu-cok-sayida-kisi-de-yaralandi","status":"publish","type":"post","link":"https:\/\/archive.sana.sy\/tr\/?p=303314","title":{"rendered":"Bat\u0131 \u015eeria&#8217;da \u0130srail \u0130\u015fgal G\u00fc\u00e7lerinin Kur\u015funlar\u0131yla 2 Filistinli \u015eehit D\u00fc\u015ft\u00fc, Birka\u00e7 Ki\u015fi De Yaraland\u0131"},"content":{"rendered":"<p style=\"text-align: justify;\"><strong>\u0130\u015eGAL ED\u0130LEN KUD\u00dcS (SANA)<\/strong> \u2013 Bat\u0131 \u015eeria&#8217;n\u0131n Tulkarm ve Tubas kentlerinde \u0130srail i\u015fgal g\u00fc\u00e7lerinin a\u00e7t\u0131\u011f\u0131 ate\u015f sonucu 2 Filistinli \u015fehit d\u00fc\u015ft\u00fc, birka\u00e7 ki\u015fi de yaraland\u0131.<\/p>\n<p style=\"text-align: justify;\">WAFA Haber Ajans\u0131, i\u015fgal g\u00fc\u00e7lerinin Tulkarm \u015fehrinin do\u011fusundaki El Zanaba banliy\u00f6s\u00fc ve Tubas \u015fehrinin g\u00fcneyindeki El Far&#8217;a kamp\u0131na bask\u0131n d\u00fczenleyerek Filistinlilere kur\u015funlarla sald\u0131rd\u0131\u011f\u0131n\u0131, bunun sonucunda 2 Filistinlinin \u015fehit d\u00fc\u015fmesine, 4 ki\u015finin de yaralanmas\u0131na yol a\u00e7t\u0131\u011f\u0131n\u0131 belirtti.<\/p>\n<p style=\"text-align: center;\"><strong><a href=\"https:\/\/t.me\/SuriyeArapHaberAjansI\">Telegram Kanal\u0131m\u0131z\u00a0<\/a>||<a href=\"https:\/\/twitter.com\/arap_ajans\">X Platformumuz\u00a0<\/a>||<a href=\"https:\/\/www.facebook.com\/SANAHaberAjansi\/\">Facebook Sayfam\u0131z<\/a><\/strong><\/p>\n","protected":false},"excerpt":{"rendered":"<p>\u0130\u015eGAL ED\u0130LEN KUD\u00dcS (SANA) \u2013 Bat\u0131 \u015eeria&#8217;n\u0131n Tulkarm ve Tubas kentlerinde \u0130srail i\u015fgal g\u00fc\u00e7lerinin a\u00e7t\u0131\u011f\u0131 ate\u015f sonucu 2 Filistinli \u015fehit d\u00fc\u015ft\u00fc, birka\u00e7 ki\u015fi de yaraland\u0131. WAFA Haber Ajans\u0131, i\u015fgal g\u00fc\u00e7lerinin Tulkarm \u015fehrinin do\u011fusundaki El Zanaba banliy\u00f6s\u00fc ve Tubas \u015fehrinin g\u00fcneyindeki El Far&#8217;a kamp\u0131na bask\u0131n d\u00fczenleyerek Filistinlilere kur\u015funlarla sald\u0131rd\u0131\u011f\u0131n\u0131, bunun sonucunda 2 Filistinlinin \u015fehit d\u00fc\u015fmesine, 4 &hellip;<\/p>\n","protected":false},"author":39,"featured_media":303315,"comment_status":"closed","ping_status":"closed","sticky":false,"template":"","format":"standard","meta":{"footnotes":""},"categories":[458,459,17988],"tags":[],"class_list":["post-303314","post","type-post","status-publish","format-standard","has-post-thumbnail","","category-dunya1","category-haberler-arap-uluslararasi-politika","category-son-haberler"],"_links":{"self":[{"href":"https:\/\/archive.sana.sy\/tr\/index.php?rest_route=\/wp\/v2\/posts\/303314","targetHints":{"allow":["GET"]}}],"collection":[{"href":"https:\/\/archive.sana.sy\/tr\/index.php?rest_route=\/wp\/v2\/posts"}],"about":[{"href":"https:\/\/archive.sana.sy\/tr\/index.php?rest_route=\/wp\/v2\/types\/post"}],"author":[{"embeddable":true,"href":"https:\/\/archive.sana.sy\/tr\/index.php?rest_route=\/wp\/v2\/users\/39"}],"replies":[{"embeddable":true,"href":"https:\/\/archive.sana.sy\/tr\/index.php?rest_route=%2Fwp%2Fv2%2Fcomments&post=303314"}],"version-history":[{"count":2,"href":"https:\/\/archive.sana.sy\/tr\/index.php?rest_route=\/wp\/v2\/posts\/303314\/revisions"}],"predecessor-version":[{"id":303317,"href":"https:\/\/archive.sana.sy\/tr\/index.php?rest_route=\/wp\/v2\/posts\/303314\/revisions\/303317"}],"wp:featuredmedia":[{"embeddable":true,"href":"https:\/\/archive.sana.sy\/tr\/index.php?rest_route=\/wp\/v2\/media\/303315"}],"wp:attachment":[{"href":"https:\/\/archive.sana.sy\/tr\/index.php?rest_route=%2Fwp%2Fv2%2Fmedia&parent=303314"}],"wp:term":[{"taxonomy":"category","embeddable":true,"href":"https:\/\/archive.sana.sy\/tr\/index.php?rest_route=%2Fwp%2Fv2%2Fcategories&post=303314"},{"taxonomy":"post_tag","embeddable":true,"href":"https:\/\/archive.sana.sy\/tr\/index.php?rest_route=%2Fwp%2Fv2%2Ftags&post=303314"}],"curies":[{"name":"wp","href":"https:\/\/api.w.org\/{rel}","templated":true}]}}