{"id":303318,"date":"2024-06-10T12:14:05","date_gmt":"2024-06-10T09:14:05","guid":{"rendered":"https:\/\/sana.sy\/tr\/?p=303318"},"modified":"2024-06-12T09:04:37","modified_gmt":"2024-06-12T06:04:37","slug":"lubnandaki-direnis-operasyonunda-cok-sayida-israilli-dusman-askeri-olduruldu-ve-yaralandi","status":"publish","type":"post","link":"https:\/\/archive.sana.sy\/tr\/?p=303318","title":{"rendered":"L\u00fcbnan&#8217;daki Direni\u015f Operasyonunda \u00c7ok Say\u0131da \u0130srailli D\u00fc\u015fman Askeri \u00d6ld\u00fcr\u00fcld\u00fc Ve Yaraland\u0131"},"content":{"rendered":"<p style=\"text-align: justify;\"><strong>BEYRUT (SANA) \u2013<\/strong> L\u00fcbnanl\u0131 Ulusal Direni\u015fi bug\u00fcn \u0130srail&#8217;in El Manara yerle\u015fimini uygun silahlarla hedef ald\u0131, iki binay\u0131 vurarak \u00e7ok say\u0131da d\u00fc\u015fman askerini \u00f6ld\u00fcr\u00fcp yaralad\u0131.<\/p>\n<p style=\"text-align: justify;\">Direni\u015f, bug\u00fcn yapt\u0131\u011f\u0131 a\u00e7\u0131klamada, direni\u015f sava\u015f\u00e7\u0131lar\u0131n\u0131n El Manara yerle\u015fim b\u00f6lgesinde \u0130srail d\u00fc\u015fman askerlerinin konu\u015fland\u0131\u011f\u0131 iki binay\u0131 uygun silahlarla hedef alarak do\u011frudan vurdu\u011funu, askerlerin \u00f6l\u00fc ve yaral\u0131 kald\u0131\u011f\u0131n\u0131 belirtti.<\/p>\n<p style=\"text-align: justify;\">A\u00e7\u0131klamada, operasyonun Gazze \u015eeridi&#8217;ndeki kararl\u0131 Filistin halk\u0131na destek, onlar\u0131n cesur ve onurlu direni\u015fine destek \u00e7er\u00e7evesinde ve israilli d\u00fc\u015fman\u0131n g\u00fcneydeki kararl\u0131 k\u00f6ylere ve g\u00fcvenli evlere, \u00f6zellikle de Hula ve \u015eebaa kasabalar\u0131na y\u00f6nelik sald\u0131r\u0131lar\u0131na yan\u0131t olarak ger\u00e7ekle\u015fti\u011fi vurguland\u0131.<\/p>\n<p style=\"text-align: center;\"><strong><a href=\"https:\/\/t.me\/SuriyeArapHaberAjansI\">Telegram Kanal\u0131m\u0131z\u00a0<\/a>||<a href=\"https:\/\/twitter.com\/arap_ajans\">X Platformumuz\u00a0<\/a>||<a href=\"https:\/\/www.facebook.com\/SANAHaberAjansi\/\">Facebook Sayfam\u0131z<\/a><\/strong><\/p>\n","protected":false},"excerpt":{"rendered":"<p>BEYRUT (SANA) \u2013 L\u00fcbnanl\u0131 Ulusal Direni\u015fi bug\u00fcn \u0130srail&#8217;in El Manara yerle\u015fimini uygun silahlarla hedef ald\u0131, iki binay\u0131 vurarak \u00e7ok say\u0131da d\u00fc\u015fman askerini \u00f6ld\u00fcr\u00fcp yaralad\u0131. Direni\u015f, bug\u00fcn yapt\u0131\u011f\u0131 a\u00e7\u0131klamada, direni\u015f sava\u015f\u00e7\u0131lar\u0131n\u0131n El Manara yerle\u015fim b\u00f6lgesinde \u0130srail d\u00fc\u015fman askerlerinin konu\u015fland\u0131\u011f\u0131 iki binay\u0131 uygun silahlarla hedef alarak do\u011frudan vurdu\u011funu, askerlerin \u00f6l\u00fc ve yaral\u0131 kald\u0131\u011f\u0131n\u0131 belirtti. A\u00e7\u0131klamada, operasyonun Gazze &hellip;<\/p>\n","protected":false},"author":39,"featured_media":303319,"comment_status":"closed","ping_status":"closed","sticky":false,"template":"","format":"standard","meta":{"footnotes":""},"categories":[458,459,17988],"tags":[],"class_list":["post-303318","post","type-post","status-publish","format-standard","has-post-thumbnail","","category-dunya1","category-haberler-arap-uluslararasi-politika","category-son-haberler"],"_links":{"self":[{"href":"https:\/\/archive.sana.sy\/tr\/index.php?rest_route=\/wp\/v2\/posts\/303318","targetHints":{"allow":["GET"]}}],"collection":[{"href":"https:\/\/archive.sana.sy\/tr\/index.php?rest_route=\/wp\/v2\/posts"}],"about":[{"href":"https:\/\/archive.sana.sy\/tr\/index.php?rest_route=\/wp\/v2\/types\/post"}],"author":[{"embeddable":true,"href":"https:\/\/archive.sana.sy\/tr\/index.php?rest_route=\/wp\/v2\/users\/39"}],"replies":[{"embeddable":true,"href":"https:\/\/archive.sana.sy\/tr\/index.php?rest_route=%2Fwp%2Fv2%2Fcomments&post=303318"}],"version-history":[{"count":1,"href":"https:\/\/archive.sana.sy\/tr\/index.php?rest_route=\/wp\/v2\/posts\/303318\/revisions"}],"predecessor-version":[{"id":303320,"href":"https:\/\/archive.sana.sy\/tr\/index.php?rest_route=\/wp\/v2\/posts\/303318\/revisions\/303320"}],"wp:featuredmedia":[{"embeddable":true,"href":"https:\/\/archive.sana.sy\/tr\/index.php?rest_route=\/wp\/v2\/media\/303319"}],"wp:attachment":[{"href":"https:\/\/archive.sana.sy\/tr\/index.php?rest_route=%2Fwp%2Fv2%2Fmedia&parent=303318"}],"wp:term":[{"taxonomy":"category","embeddable":true,"href":"https:\/\/archive.sana.sy\/tr\/index.php?rest_route=%2Fwp%2Fv2%2Fcategories&post=303318"},{"taxonomy":"post_tag","embeddable":true,"href":"https:\/\/archive.sana.sy\/tr\/index.php?rest_route=%2Fwp%2Fv2%2Ftags&post=303318"}],"curies":[{"name":"wp","href":"https:\/\/api.w.org\/{rel}","templated":true}]}}