{"id":303321,"date":"2024-06-10T14:35:20","date_gmt":"2024-06-10T11:35:20","guid":{"rendered":"https:\/\/sana.sy\/tr\/?p=303321"},"modified":"2024-06-12T09:04:45","modified_gmt":"2024-06-12T06:04:45","slug":"bakan-mikdad-nuda-ile-gorustu-ozellikle-erken-iyilesme-alaninda-isbirliginin-guclendirilmesi-gerektigini-vurguladilar","status":"publish","type":"post","link":"https:\/\/archive.sana.sy\/tr\/?p=303321","title":{"rendered":"Bakan Mikdad, Nuda \u0130le G\u00f6r\u00fc\u015ft\u00fc&#8230; \u00d6zellikle Erken \u0130yile\u015fme Alan\u0131nda \u0130\u015fbirli\u011finin G\u00fc\u00e7lendirilmesi Gerekti\u011fini Vurgulad\u0131lar"},"content":{"rendered":"<p style=\"text-align: justify;\"><strong>\u015eAM (SANA) \u2013<\/strong> D\u0131\u015fi\u015fleri ve Gurbet\u00e7iler Bakan\u0131 Faysal Mikdad, Birle\u015fmi\u015f Milletler Genel Sekreter Yard\u0131mc\u0131s\u0131 ve Kriz Ofisi Direkt\u00f6r\u00fc Bayan Shoko Nuda ile g\u00f6r\u00fc\u015ferek, \u00f6zellikle erken iyile\u015fme ve diren\u00e7lili\u011fe destek alan\u0131nda Suriye h\u00fck\u00fcmeti ile Birle\u015fmi\u015f Milletler Kalk\u0131nma Program\u0131 aras\u0131ndaki i\u015fbirli\u011finin g\u00fc\u00e7lendirilmesi gerekti\u011fini vurgulad\u0131lar.<\/p>\n<p style=\"text-align: justify;\">Bakan Mikdad, BM heyetine, Suriye&#8217;ye kar\u015f\u0131 y\u00fcr\u00fct\u00fclen ter\u00f6r sava\u015f\u0131n\u0131n ve baz\u0131 \u00fclkelerin Suriye halk\u0131na uygulad\u0131\u011f\u0131 yasa d\u0131\u015f\u0131 ekonomik Yapt\u0131r\u0131mlar\u0131n ve zenginliklerini ya\u011fmalamaya devam etmesinin neden oldu\u011fu Suriye&#8217;deki insani ve ya\u015fam ko\u015fullar\u0131 hakk\u0131nda fikir vererek, Birle\u015fmi\u015f Milletler Kalk\u0131nma Program\u0131&#8217;n\u0131n Suriye halk\u0131na olumlu yans\u0131yan kalk\u0131nma projelerinin uygulanmas\u0131nda oynad\u0131\u011f\u0131 olumlu rol\u00fc vurgulad\u0131.<\/p>\n<p style=\"text-align: justify;\">Kendi y\u00f6n\u00fcnden Nuda, program\u0131n Suriye&#8217;deki \u00e7e\u015fitli alanlardaki kalk\u0131nmay\u0131 desteklemek i\u00e7in \u00e7e\u015fitli Suriye ulusal kurumlar\u0131yla \u00e7al\u0131\u015fma ve koordinasyon sa\u011flama konusundaki kararl\u0131l\u0131\u011f\u0131n\u0131, \u00fclkedeki kalk\u0131nma durumuna do\u011frudan eri\u015fimin \u00f6nemi ve istenilen sonu\u00e7lara ula\u015fmak i\u00e7in iki taraf aras\u0131nda s\u00fcrekli i\u015fbirli\u011finin s\u00fcrd\u00fcr\u00fclmesinin \u00f6nemini kaydetti.<\/p>\n<p style=\"text-align: center;\"><strong><a href=\"https:\/\/t.me\/SuriyeArapHaberAjansI\">Telegram Kanal\u0131m\u0131z\u00a0<\/a>||<a href=\"https:\/\/twitter.com\/arap_ajans\">X Platformumuz\u00a0<\/a>||<a href=\"https:\/\/www.facebook.com\/SANAHaberAjansi\/\">Facebook Sayfam\u0131z<\/a><\/strong><\/p>\n","protected":false},"excerpt":{"rendered":"<p>\u015eAM (SANA) \u2013 D\u0131\u015fi\u015fleri ve Gurbet\u00e7iler Bakan\u0131 Faysal Mikdad, Birle\u015fmi\u015f Milletler Genel Sekreter Yard\u0131mc\u0131s\u0131 ve Kriz Ofisi Direkt\u00f6r\u00fc Bayan Shoko Nuda ile g\u00f6r\u00fc\u015ferek, \u00f6zellikle erken iyile\u015fme ve diren\u00e7lili\u011fe destek alan\u0131nda Suriye h\u00fck\u00fcmeti ile Birle\u015fmi\u015f Milletler Kalk\u0131nma Program\u0131 aras\u0131ndaki i\u015fbirli\u011finin g\u00fc\u00e7lendirilmesi gerekti\u011fini vurgulad\u0131lar. Bakan Mikdad, BM heyetine, Suriye&#8217;ye kar\u015f\u0131 y\u00fcr\u00fct\u00fclen ter\u00f6r sava\u015f\u0131n\u0131n ve baz\u0131 \u00fclkelerin Suriye &hellip;<\/p>\n","protected":false},"author":39,"featured_media":303322,"comment_status":"closed","ping_status":"closed","sticky":false,"template":"","format":"standard","meta":{"footnotes":""},"categories":[458,459,17988],"tags":[39654,41665],"class_list":["post-303321","post","type-post","status-publish","format-standard","has-post-thumbnail","","category-dunya1","category-haberler-arap-uluslararasi-politika","category-son-haberler","tag-bakan-mikdad","tag-nuda-ile-gorustu-ozellikle-erken-iyilesme-alaninda-isbirliginin-guclendirilmesi-gerektigini-vurguladilar"],"_links":{"self":[{"href":"https:\/\/archive.sana.sy\/tr\/index.php?rest_route=\/wp\/v2\/posts\/303321","targetHints":{"allow":["GET"]}}],"collection":[{"href":"https:\/\/archive.sana.sy\/tr\/index.php?rest_route=\/wp\/v2\/posts"}],"about":[{"href":"https:\/\/archive.sana.sy\/tr\/index.php?rest_route=\/wp\/v2\/types\/post"}],"author":[{"embeddable":true,"href":"https:\/\/archive.sana.sy\/tr\/index.php?rest_route=\/wp\/v2\/users\/39"}],"replies":[{"embeddable":true,"href":"https:\/\/archive.sana.sy\/tr\/index.php?rest_route=%2Fwp%2Fv2%2Fcomments&post=303321"}],"version-history":[{"count":3,"href":"https:\/\/archive.sana.sy\/tr\/index.php?rest_route=\/wp\/v2\/posts\/303321\/revisions"}],"predecessor-version":[{"id":303335,"href":"https:\/\/archive.sana.sy\/tr\/index.php?rest_route=\/wp\/v2\/posts\/303321\/revisions\/303335"}],"wp:featuredmedia":[{"embeddable":true,"href":"https:\/\/archive.sana.sy\/tr\/index.php?rest_route=\/wp\/v2\/media\/303322"}],"wp:attachment":[{"href":"https:\/\/archive.sana.sy\/tr\/index.php?rest_route=%2Fwp%2Fv2%2Fmedia&parent=303321"}],"wp:term":[{"taxonomy":"category","embeddable":true,"href":"https:\/\/archive.sana.sy\/tr\/index.php?rest_route=%2Fwp%2Fv2%2Fcategories&post=303321"},{"taxonomy":"post_tag","embeddable":true,"href":"https:\/\/archive.sana.sy\/tr\/index.php?rest_route=%2Fwp%2Fv2%2Ftags&post=303321"}],"curies":[{"name":"wp","href":"https:\/\/api.w.org\/{rel}","templated":true}]}}