{"id":303325,"date":"2024-06-10T14:23:20","date_gmt":"2024-06-10T11:23:20","guid":{"rendered":"https:\/\/sana.sy\/tr\/?p=303325"},"modified":"2024-06-12T09:04:42","modified_gmt":"2024-06-12T06:04:42","slug":"isgalci-israilin-gazze-seridinde-son-24-saatte-gerceklestirdigi-katliamlarda-40-sehit","status":"publish","type":"post","link":"https:\/\/archive.sana.sy\/tr\/?p=303325","title":{"rendered":"\u0130\u015fgalci \u0130srail&#8217;in Gazze \u015eeridi&#8217;nde Son 24 Saatte Ger\u00e7ekle\u015ftirdi\u011fi Katliamlarda 40 \u015eehit"},"content":{"rendered":"<p style=\"text-align: justify;\"><strong>\u015eAM (SANA) \u2013<\/strong> Filistin Sa\u011fl\u0131k Bakanl\u0131\u011f\u0131, i\u015fgalci \u0130srail&#8217;in Gazze \u015eeridi&#8217;nde son 24 saatte 5 katliam ger\u00e7ekle\u015ftirdi\u011fini, bunlar\u0131n 40&#8217;\u0131n\u0131n \u015fehit, 218 yaral\u0131n\u0131n hastanelere ula\u015ft\u0131\u011f\u0131n\u0131 duyurdu.<\/p>\n<p style=\"text-align: justify;\">Bakanl\u0131k bug\u00fcn yapt\u0131\u011f\u0131 a\u00e7\u0131klamada, &#8220;Gazze \u015eeridi&#8217;nde 248&#8217;inci g\u00fcn\u00fcnde devam eden i\u015fgal sald\u0131rganl\u0131\u011f\u0131nda hayat\u0131n\u0131 kaybedenlerin say\u0131s\u0131 37 bin 124 \u015fehit ve 84 bin 712 yaral\u0131ya y\u00fckseldi&#8221; dedi.<\/p>\n<p style=\"text-align: justify;\">Gazze Sivil Savunma, i\u015fgalin 6 May\u0131s&#8217;ta Refah s\u0131n\u0131r kap\u0131s\u0131n\u0131 kapatmas\u0131ndan bu yana m\u00fcrettebat\u0131na tek litre bile yak\u0131t alamad\u0131\u011f\u0131n\u0131, bunun da \u00e7al\u0131\u015fmalar\u0131n devam\u0131n\u0131 tehdit etti\u011fini a\u00e7\u0131klayarak, uluslararas\u0131 kurulu\u015flara, m\u00fcrettebat\u0131n yaral\u0131lar\u0131 kurtarma ve \u015fehitlerin cenazelerini alma g\u00f6revlerini tamamlayabilmeleri i\u00e7in gerekli yak\u0131t ve te\u00e7hizat\u0131 getirmesi konusunda i\u015fgalcilere bask\u0131 yapma \u00e7a\u011fr\u0131s\u0131nda bulundu.<\/p>\n<p style=\"text-align: center;\"><strong><a href=\"https:\/\/t.me\/SuriyeArapHaberAjansI\">Telegram Kanal\u0131m\u0131z\u00a0<\/a>||<a href=\"https:\/\/twitter.com\/arap_ajans\">X Platformumuz\u00a0<\/a>||<a href=\"https:\/\/www.facebook.com\/SANAHaberAjansi\/\">Facebook Sayfam\u0131z<\/a><\/strong><\/p>\n","protected":false},"excerpt":{"rendered":"<p>\u015eAM (SANA) \u2013 Filistin Sa\u011fl\u0131k Bakanl\u0131\u011f\u0131, i\u015fgalci \u0130srail&#8217;in Gazze \u015eeridi&#8217;nde son 24 saatte 5 katliam ger\u00e7ekle\u015ftirdi\u011fini, bunlar\u0131n 40&#8217;\u0131n\u0131n \u015fehit, 218 yaral\u0131n\u0131n hastanelere ula\u015ft\u0131\u011f\u0131n\u0131 duyurdu. Bakanl\u0131k bug\u00fcn yapt\u0131\u011f\u0131 a\u00e7\u0131klamada, &#8220;Gazze \u015eeridi&#8217;nde 248&#8217;inci g\u00fcn\u00fcnde devam eden i\u015fgal sald\u0131rganl\u0131\u011f\u0131nda hayat\u0131n\u0131 kaybedenlerin say\u0131s\u0131 37 bin 124 \u015fehit ve 84 bin 712 yaral\u0131ya y\u00fckseldi&#8221; dedi. Gazze Sivil Savunma, i\u015fgalin 6 &hellip;<\/p>\n","protected":false},"author":39,"featured_media":303326,"comment_status":"closed","ping_status":"closed","sticky":false,"template":"","format":"standard","meta":{"footnotes":""},"categories":[458,459,17988],"tags":[],"class_list":["post-303325","post","type-post","status-publish","format-standard","has-post-thumbnail","","category-dunya1","category-haberler-arap-uluslararasi-politika","category-son-haberler"],"_links":{"self":[{"href":"https:\/\/archive.sana.sy\/tr\/index.php?rest_route=\/wp\/v2\/posts\/303325","targetHints":{"allow":["GET"]}}],"collection":[{"href":"https:\/\/archive.sana.sy\/tr\/index.php?rest_route=\/wp\/v2\/posts"}],"about":[{"href":"https:\/\/archive.sana.sy\/tr\/index.php?rest_route=\/wp\/v2\/types\/post"}],"author":[{"embeddable":true,"href":"https:\/\/archive.sana.sy\/tr\/index.php?rest_route=\/wp\/v2\/users\/39"}],"replies":[{"embeddable":true,"href":"https:\/\/archive.sana.sy\/tr\/index.php?rest_route=%2Fwp%2Fv2%2Fcomments&post=303325"}],"version-history":[{"count":1,"href":"https:\/\/archive.sana.sy\/tr\/index.php?rest_route=\/wp\/v2\/posts\/303325\/revisions"}],"predecessor-version":[{"id":303327,"href":"https:\/\/archive.sana.sy\/tr\/index.php?rest_route=\/wp\/v2\/posts\/303325\/revisions\/303327"}],"wp:featuredmedia":[{"embeddable":true,"href":"https:\/\/archive.sana.sy\/tr\/index.php?rest_route=\/wp\/v2\/media\/303326"}],"wp:attachment":[{"href":"https:\/\/archive.sana.sy\/tr\/index.php?rest_route=%2Fwp%2Fv2%2Fmedia&parent=303325"}],"wp:term":[{"taxonomy":"category","embeddable":true,"href":"https:\/\/archive.sana.sy\/tr\/index.php?rest_route=%2Fwp%2Fv2%2Fcategories&post=303325"},{"taxonomy":"post_tag","embeddable":true,"href":"https:\/\/archive.sana.sy\/tr\/index.php?rest_route=%2Fwp%2Fv2%2Ftags&post=303325"}],"curies":[{"name":"wp","href":"https:\/\/api.w.org\/{rel}","templated":true}]}}