{"id":303331,"date":"2024-06-10T14:51:05","date_gmt":"2024-06-10T11:51:05","guid":{"rendered":"https:\/\/sana.sy\/tr\/?p=303331"},"modified":"2024-06-12T09:05:10","modified_gmt":"2024-06-12T06:05:10","slug":"cumhurbaskani-esad-sivil-askeri-ve-emekli-devlet-calisanlarina-300-bin-suriye-lirasi-bagis-saglayan-bir-kararnameyi-yayinladi","status":"publish","type":"post","link":"https:\/\/archive.sana.sy\/tr\/?p=303331","title":{"rendered":"Cumhurba\u015fkan\u0131 Esad, Sivil, Askeri Ve Emekli Devlet \u00c7al\u0131\u015fanlar\u0131na 300 Bin Suriye Liras\u0131 Ba\u011f\u0131\u015f Sa\u011flayan Bir Kararnameyi Yay\u0131nlad\u0131"},"content":{"rendered":"<p style=\"text-align: justify;\"><strong>\u015eAM (SANA) \u2013<\/strong> Cumhurba\u015fkan\u0131 Be\u015f\u015far Esad bug\u00fcn, sivil ve askeri devlet \u00e7al\u0131\u015fanlar\u0131 ve emeklilerine bir defaya mahsus 300 Bin Suriye liras\u0131 tutar\u0131nda mali ba\u011f\u0131\u015f \u00f6denmesini \u00f6ng\u00f6ren 2024 tarihli (17) say\u0131l\u0131 Kanun H\u00fckm\u00fcnde Kararnameyi yay\u0131nlad\u0131.<\/p>\n<p style=\"text-align: center;\"><strong><a href=\"https:\/\/t.me\/SuriyeArapHaberAjansI\">Telegram Kanal\u0131m\u0131z\u00a0<\/a>||<a href=\"https:\/\/twitter.com\/arap_ajans\">X Platformumuz\u00a0<\/a>||<a href=\"https:\/\/www.facebook.com\/SANAHaberAjansi\/\">Facebook Sayfam\u0131z<\/a><\/strong><\/p>\n","protected":false},"excerpt":{"rendered":"<p>\u015eAM (SANA) \u2013 Cumhurba\u015fkan\u0131 Be\u015f\u015far Esad bug\u00fcn, sivil ve askeri devlet \u00e7al\u0131\u015fanlar\u0131 ve emeklilerine bir defaya mahsus 300 Bin Suriye liras\u0131 tutar\u0131nda mali ba\u011f\u0131\u015f \u00f6denmesini \u00f6ng\u00f6ren 2024 tarihli (17) say\u0131l\u0131 Kanun H\u00fckm\u00fcnde Kararnameyi yay\u0131nlad\u0131. Telegram Kanal\u0131m\u0131z\u00a0||X Platformumuz\u00a0||Facebook Sayfam\u0131z<\/p>\n","protected":false},"author":39,"featured_media":303332,"comment_status":"closed","ping_status":"closed","sticky":false,"template":"","format":"standard","meta":{"footnotes":""},"categories":[606,605,17988,612],"tags":[],"class_list":["post-303331","post","type-post","status-publish","format-standard","has-post-thumbnail","","category-cumhurbaskani","category-sayin-cumhurbaskani","category-son-haberler","category-yasama-kararnameler"],"_links":{"self":[{"href":"https:\/\/archive.sana.sy\/tr\/index.php?rest_route=\/wp\/v2\/posts\/303331","targetHints":{"allow":["GET"]}}],"collection":[{"href":"https:\/\/archive.sana.sy\/tr\/index.php?rest_route=\/wp\/v2\/posts"}],"about":[{"href":"https:\/\/archive.sana.sy\/tr\/index.php?rest_route=\/wp\/v2\/types\/post"}],"author":[{"embeddable":true,"href":"https:\/\/archive.sana.sy\/tr\/index.php?rest_route=\/wp\/v2\/users\/39"}],"replies":[{"embeddable":true,"href":"https:\/\/archive.sana.sy\/tr\/index.php?rest_route=%2Fwp%2Fv2%2Fcomments&post=303331"}],"version-history":[{"count":2,"href":"https:\/\/archive.sana.sy\/tr\/index.php?rest_route=\/wp\/v2\/posts\/303331\/revisions"}],"predecessor-version":[{"id":303334,"href":"https:\/\/archive.sana.sy\/tr\/index.php?rest_route=\/wp\/v2\/posts\/303331\/revisions\/303334"}],"wp:featuredmedia":[{"embeddable":true,"href":"https:\/\/archive.sana.sy\/tr\/index.php?rest_route=\/wp\/v2\/media\/303332"}],"wp:attachment":[{"href":"https:\/\/archive.sana.sy\/tr\/index.php?rest_route=%2Fwp%2Fv2%2Fmedia&parent=303331"}],"wp:term":[{"taxonomy":"category","embeddable":true,"href":"https:\/\/archive.sana.sy\/tr\/index.php?rest_route=%2Fwp%2Fv2%2Fcategories&post=303331"},{"taxonomy":"post_tag","embeddable":true,"href":"https:\/\/archive.sana.sy\/tr\/index.php?rest_route=%2Fwp%2Fv2%2Ftags&post=303331"}],"curies":[{"name":"wp","href":"https:\/\/api.w.org\/{rel}","templated":true}]}}