{"id":303366,"date":"2024-06-10T23:03:43","date_gmt":"2024-06-10T20:03:43","guid":{"rendered":"https:\/\/sana.sy\/tr\/?p=303366"},"modified":"2024-06-12T09:06:11","modified_gmt":"2024-06-12T06:06:11","slug":"bm-guvenlik-konseyi-gazze-seridinde-ateskese-iliskin-karar-taslagini-kabul-etti","status":"publish","type":"post","link":"https:\/\/archive.sana.sy\/tr\/?p=303366","title":{"rendered":"BM G\u00fcvenlik Konseyi Gazze \u015eeridi&#8217;nde Ate\u015fkese \u0130li\u015fkin Karar Tasla\u011f\u0131n\u0131 Kabul Etti"},"content":{"rendered":"<p style=\"text-align: justify;\"><strong>NEW YORK <\/strong><strong>(SANA)<\/strong> &#8211; Bu ak\u015fam BM G\u00fcvenlik Konseyi, Amerika Birle\u015fik Devletleri&#8217;nin Gazze \u015eeridi&#8217;nde ate\u015fkes \u00e7a\u011fr\u0131s\u0131nda bulundu\u011fu karar tasla\u011f\u0131n\u0131 kabul etti.<\/p>\n<p style=\"text-align: justify;\">Rusya&#8217;n\u0131n Birle\u015fmi\u015f Milletler Daimi Temsilcisi Vasily Nebenzia, karar\u0131n belirsizlikle \u00f6rt\u00fcld\u00fc\u011f\u00fcn\u00fc ve ne m\u00fczakere ettikleri konusunda net olmayan arabulucular taraf\u0131ndan y\u00f6netilen anla\u015fmalara ba\u011fl\u0131 oldu\u011funu do\u011frulad\u0131.<\/p>\n<p style=\"text-align: justify;\">\u0130lk a\u015famada 14 \u00fclkenin oy kulland\u0131\u011f\u0131 ve bir \u00fclkenin \u00e7ekimser kald\u0131\u011f\u0131 karar, mahkumlar\u0131n serbest b\u0131rak\u0131lmas\u0131yla derhal ve tam bir ate\u015fkes ilan ediyor. Ayn\u0131 zamanda mahkumlar\u0131n de\u011fi\u015fimini ve \u0130srail i\u015fgal g\u00fc\u00e7lerinin yerle\u015fim alanlar\u0131ndan \u00e7ekilmesini de do\u011fruluyor.<\/p>\n<p style=\"text-align: justify;\">Karar, Filistinlilerin \u015eeridi&#8217;nin her yerindeki evlerine d\u00f6n\u00fc\u015f\u00fcn\u00fc ve insani yard\u0131m\u0131n \u015ferit genelinde geni\u015f \u00f6l\u00e7ekte g\u00fcvenli ve etkili bir \u015fekilde da\u011f\u0131t\u0131lmas\u0131n\u0131 da i\u00e7eriyor.<\/p>\n<p style=\"text-align: justify;\">Karar\u0131n ikinci a\u015famas\u0131, Gazze \u015eeridi&#8217;ndeki t\u00fcm tutuklular\u0131n serbest b\u0131rak\u0131lmas\u0131 ve i\u015fgal g\u00fc\u00e7lerinin Gazze \u015eeridi&#8217;nden tamamen \u00e7ekilmesi kar\u015f\u0131l\u0131\u011f\u0131nda Gazze \u015eeridi&#8217;ne y\u00f6nelik sald\u0131r\u0131lar\u0131n kal\u0131c\u0131 olarak durdurulmas\u0131n\u0131 i\u00e7eriyor. \u00dc\u00e7\u00fcnc\u00fc a\u015famada ise sekt\u00f6r\u00fcn yeniden yap\u0131land\u0131r\u0131lmas\u0131na y\u00f6nelik bir plan yer al\u0131yor.<\/p>\n<p style=\"text-align: justify;\">Karar ayr\u0131ca, Gazze \u015eeridi&#8217;nin topraklar\u0131n\u0131 daraltacak her t\u00fcrl\u00fc \u00f6nlem de dahil olmak \u00fczere, Gazze \u015eeridi&#8217;nde demografik veya b\u00f6lgesel de\u011fi\u015fiklik yaratmaya y\u00f6nelik her t\u00fcrl\u00fc giri\u015fimi reddediyor.<\/p>\n<p style=\"text-align: center;\"><strong><a href=\"https:\/\/t.me\/SuriyeArapHaberAjansI\">Telegram Kanal\u0131m\u0131z\u00a0<\/a>||<a href=\"https:\/\/twitter.com\/arap_ajans\">X Platformumuz\u00a0<\/a>||<a href=\"https:\/\/www.facebook.com\/SANAHaberAjansi\/\">Facebook Sayfam\u0131z<\/a><\/strong><\/p>\n","protected":false},"excerpt":{"rendered":"<p>NEW YORK (SANA) &#8211; Bu ak\u015fam BM G\u00fcvenlik Konseyi, Amerika Birle\u015fik Devletleri&#8217;nin Gazze \u015eeridi&#8217;nde ate\u015fkes \u00e7a\u011fr\u0131s\u0131nda bulundu\u011fu karar tasla\u011f\u0131n\u0131 kabul etti. Rusya&#8217;n\u0131n Birle\u015fmi\u015f Milletler Daimi Temsilcisi Vasily Nebenzia, karar\u0131n belirsizlikle \u00f6rt\u00fcld\u00fc\u011f\u00fcn\u00fc ve ne m\u00fczakere ettikleri konusunda net olmayan arabulucular taraf\u0131ndan y\u00f6netilen anla\u015fmalara ba\u011fl\u0131 oldu\u011funu do\u011frulad\u0131. \u0130lk a\u015famada 14 \u00fclkenin oy kulland\u0131\u011f\u0131 ve bir \u00fclkenin \u00e7ekimser &hellip;<\/p>\n","protected":false},"author":39,"featured_media":303367,"comment_status":"closed","ping_status":"closed","sticky":false,"template":"","format":"standard","meta":{"footnotes":""},"categories":[458,459,17988],"tags":[],"class_list":["post-303366","post","type-post","status-publish","format-standard","has-post-thumbnail","","category-dunya1","category-haberler-arap-uluslararasi-politika","category-son-haberler"],"_links":{"self":[{"href":"https:\/\/archive.sana.sy\/tr\/index.php?rest_route=\/wp\/v2\/posts\/303366","targetHints":{"allow":["GET"]}}],"collection":[{"href":"https:\/\/archive.sana.sy\/tr\/index.php?rest_route=\/wp\/v2\/posts"}],"about":[{"href":"https:\/\/archive.sana.sy\/tr\/index.php?rest_route=\/wp\/v2\/types\/post"}],"author":[{"embeddable":true,"href":"https:\/\/archive.sana.sy\/tr\/index.php?rest_route=\/wp\/v2\/users\/39"}],"replies":[{"embeddable":true,"href":"https:\/\/archive.sana.sy\/tr\/index.php?rest_route=%2Fwp%2Fv2%2Fcomments&post=303366"}],"version-history":[{"count":2,"href":"https:\/\/archive.sana.sy\/tr\/index.php?rest_route=\/wp\/v2\/posts\/303366\/revisions"}],"predecessor-version":[{"id":303372,"href":"https:\/\/archive.sana.sy\/tr\/index.php?rest_route=\/wp\/v2\/posts\/303366\/revisions\/303372"}],"wp:featuredmedia":[{"embeddable":true,"href":"https:\/\/archive.sana.sy\/tr\/index.php?rest_route=\/wp\/v2\/media\/303367"}],"wp:attachment":[{"href":"https:\/\/archive.sana.sy\/tr\/index.php?rest_route=%2Fwp%2Fv2%2Fmedia&parent=303366"}],"wp:term":[{"taxonomy":"category","embeddable":true,"href":"https:\/\/archive.sana.sy\/tr\/index.php?rest_route=%2Fwp%2Fv2%2Fcategories&post=303366"},{"taxonomy":"post_tag","embeddable":true,"href":"https:\/\/archive.sana.sy\/tr\/index.php?rest_route=%2Fwp%2Fv2%2Ftags&post=303366"}],"curies":[{"name":"wp","href":"https:\/\/api.w.org\/{rel}","templated":true}]}}