{"id":303376,"date":"2024-06-11T15:33:38","date_gmt":"2024-06-11T12:33:38","guid":{"rendered":"https:\/\/sana.sy\/tr\/?p=303376"},"modified":"2024-06-13T12:56:02","modified_gmt":"2024-06-13T09:56:02","slug":"gazze-seridinde-son-24-saatte-yasanan-isgal-katliamlari-sonucu-40-sehit-2","status":"publish","type":"post","link":"https:\/\/archive.sana.sy\/tr\/?p=303376","title":{"rendered":"Gazze \u015eeridi&#8217;nde Son 24 Saatte Ya\u015fanan \u0130\u015fgal Katliamlar\u0131 Sonucu 40 \u015eehit"},"content":{"rendered":"<p style=\"text-align: justify;\"><strong>\u0130\u015eGAL ED\u0130LEN KUD\u00dcS (SANA)<\/strong> \u2013\u00a0 Filistin Sa\u011fl\u0131k Bakanl\u0131\u011f\u0131, \u0130srail i\u015fgalinin Gazze \u015eeridi&#8217;nde son 24 saatte 3 katliam ger\u00e7ekle\u015ftirdi\u011fini, 40 \u015fehit ve 120 yaral\u0131n\u0131n kald\u0131\u011f\u0131n\u0131 a\u00e7\u0131klad\u0131.<\/p>\n<p style=\"text-align: justify;\">Bakanl\u0131k bug\u00fcn yapt\u0131\u011f\u0131 a\u00e7\u0131klamada, \u2018\u2019Gazze \u015eeridi&#8217;nde 249&#8217;uncu g\u00fcn\u00fcnde devam eden i\u015fgal sald\u0131r\u0131s\u0131nda hayat\u0131n\u0131 kaybedenlerin say\u0131s\u0131 37 bin 164 \u015fehit ve 84 bin 832 yaral\u0131ya y\u00fckseldi. \u00c7ok say\u0131da ma\u011fdur halen enkaz alt\u0131nda ve yollardayken, ambulans ve sivil savunma ekipleri onlara ula\u015fam\u0131yor\u2019\u2019 dedi.<\/p>\n<p style=\"text-align: justify;\">\u0130\u015fgalcilerin Gazze \u015fehrinin \u00e7e\u015fitli b\u00f6lgeleri ile Gazze \u015eeridi&#8217;nin merkezindeki Bureij ve Nuseyrat kamplar\u0131 ile g\u00fcneyindeki Refah kentinde bug\u00fcn erken saatlerde onlarca Filistinli \u015fehit oldu ve yaraland\u0131.<\/p>\n<p style=\"text-align: center;\"><strong><a href=\"https:\/\/t.me\/SuriyeArapHaberAjansI\">Telegram Kanal\u0131m\u0131z\u00a0<\/a>||<a href=\"https:\/\/twitter.com\/arap_ajans\">X Platformumuz\u00a0<\/a>||<a href=\"https:\/\/www.facebook.com\/SANAHaberAjansi\/\">Facebook Sayfam\u0131z<\/a><\/strong><\/p>\n","protected":false},"excerpt":{"rendered":"<p>\u0130\u015eGAL ED\u0130LEN KUD\u00dcS (SANA) \u2013\u00a0 Filistin Sa\u011fl\u0131k Bakanl\u0131\u011f\u0131, \u0130srail i\u015fgalinin Gazze \u015eeridi&#8217;nde son 24 saatte 3 katliam ger\u00e7ekle\u015ftirdi\u011fini, 40 \u015fehit ve 120 yaral\u0131n\u0131n kald\u0131\u011f\u0131n\u0131 a\u00e7\u0131klad\u0131. Bakanl\u0131k bug\u00fcn yapt\u0131\u011f\u0131 a\u00e7\u0131klamada, \u2018\u2019Gazze \u015eeridi&#8217;nde 249&#8217;uncu g\u00fcn\u00fcnde devam eden i\u015fgal sald\u0131r\u0131s\u0131nda hayat\u0131n\u0131 kaybedenlerin say\u0131s\u0131 37 bin 164 \u015fehit ve 84 bin 832 yaral\u0131ya y\u00fckseldi. \u00c7ok say\u0131da ma\u011fdur halen enkaz &hellip;<\/p>\n","protected":false},"author":41,"featured_media":303377,"comment_status":"closed","ping_status":"closed","sticky":false,"template":"","format":"standard","meta":{"footnotes":""},"categories":[458,459,17988],"tags":[41593],"class_list":["post-303376","post","type-post","status-publish","format-standard","has-post-thumbnail","","category-dunya1","category-haberler-arap-uluslararasi-politika","category-son-haberler","tag-gazze-seridinde-son-24-saatte-yasanan-isgal-katliamlari-sonucu-40-sehit"],"_links":{"self":[{"href":"https:\/\/archive.sana.sy\/tr\/index.php?rest_route=\/wp\/v2\/posts\/303376","targetHints":{"allow":["GET"]}}],"collection":[{"href":"https:\/\/archive.sana.sy\/tr\/index.php?rest_route=\/wp\/v2\/posts"}],"about":[{"href":"https:\/\/archive.sana.sy\/tr\/index.php?rest_route=\/wp\/v2\/types\/post"}],"author":[{"embeddable":true,"href":"https:\/\/archive.sana.sy\/tr\/index.php?rest_route=\/wp\/v2\/users\/41"}],"replies":[{"embeddable":true,"href":"https:\/\/archive.sana.sy\/tr\/index.php?rest_route=%2Fwp%2Fv2%2Fcomments&post=303376"}],"version-history":[{"count":1,"href":"https:\/\/archive.sana.sy\/tr\/index.php?rest_route=\/wp\/v2\/posts\/303376\/revisions"}],"predecessor-version":[{"id":303378,"href":"https:\/\/archive.sana.sy\/tr\/index.php?rest_route=\/wp\/v2\/posts\/303376\/revisions\/303378"}],"wp:featuredmedia":[{"embeddable":true,"href":"https:\/\/archive.sana.sy\/tr\/index.php?rest_route=\/wp\/v2\/media\/303377"}],"wp:attachment":[{"href":"https:\/\/archive.sana.sy\/tr\/index.php?rest_route=%2Fwp%2Fv2%2Fmedia&parent=303376"}],"wp:term":[{"taxonomy":"category","embeddable":true,"href":"https:\/\/archive.sana.sy\/tr\/index.php?rest_route=%2Fwp%2Fv2%2Fcategories&post=303376"},{"taxonomy":"post_tag","embeddable":true,"href":"https:\/\/archive.sana.sy\/tr\/index.php?rest_route=%2Fwp%2Fv2%2Ftags&post=303376"}],"curies":[{"name":"wp","href":"https:\/\/api.w.org\/{rel}","templated":true}]}}