{"id":303387,"date":"2024-06-11T05:56:00","date_gmt":"2024-06-11T02:56:00","guid":{"rendered":"https:\/\/sana.sy\/tr\/?p=303387"},"modified":"2024-06-12T09:06:49","modified_gmt":"2024-06-12T06:06:49","slug":"malavi-baskan-yardimcisinin-ucaginin-enkazi-bulundu-ve-ucaktaki-tum-yolcularin-oldugu-dogrulandi","status":"publish","type":"post","link":"https:\/\/archive.sana.sy\/tr\/?p=303387","title":{"rendered":"Malavi Ba\u015fkan Yard\u0131mc\u0131s\u0131n\u0131n U\u00e7a\u011f\u0131n\u0131n Enkaz\u0131 Bulundu Ve U\u00e7aktaki T\u00fcm Yolcular\u0131n \u00d6ld\u00fc\u011f\u00fc Do\u011fruland\u0131"},"content":{"rendered":"<p style=\"text-align: justify;\"><strong>LILONGWE<\/strong> <strong>\u00a0(SANA) &#8211;<\/strong> Malavi medyas\u0131 ve kaynaklar\u0131, Ba\u015fkan Yard\u0131mc\u0131s\u0131 Saulos Klaus Chilima&#8217;y\u0131 ta\u015f\u0131yan u\u00e7a\u011f\u0131n enkaz\u0131n\u0131n, temas kesildikten bir g\u00fcn sonra bulundu\u011funu bildirdi.<\/p>\n<p style=\"text-align: justify;\">Agence France-Presse, u\u00e7a\u011f\u0131 aramakla g\u00f6revli askeri kurtarma ekibinin bir \u00fcyesinin \u015funlar\u0131 s\u00f6yledi\u011fini aktard\u0131: \u2018\u2019Malavi ordusuna ait u\u00e7a\u011f\u0131n enkaz\u0131n\u0131n yama\u00e7lardan birinde bulunmas\u0131, talihsiz u\u00e7akta bulunan herkesin \u00f6l\u00fcm\u00fcn\u00fcn do\u011fruland\u0131\u011f\u0131n\u0131 a\u00e7\u0131klad\u0131.<\/p>\n<p style=\"text-align: justify;\">Yerel radyo ise Malavi Devlet Ba\u015fkan\u0131 Lazarus Chakwera&#8217;n\u0131n cenaze d\u00fczenlemeleri hakk\u0131nda daha sonra ayr\u0131nt\u0131l\u0131 bilgi verece\u011fini bildirdi.<\/p>\n<p style=\"text-align: justify;\">Malavi ba\u015fkanl\u0131\u011f\u0131 d\u00fcn, Ba\u015fkan Yard\u0131mc\u0131s\u0131n\u0131 ve di\u011fer dokuz ki\u015fiyi ta\u015f\u0131yan bir u\u00e7a\u011f\u0131n ortadan kayboldu\u011funu a\u00e7\u0131klayarak, &#8220;havac\u0131l\u0131k yetkililerinin, radar ekranlar\u0131ndan kayboldu\u011fundan bu yana u\u00e7akla ileti\u015fim kurma y\u00f6n\u00fcndeki t\u00fcm \u00e7abalar\u0131n\u0131n ba\u015far\u0131s\u0131z oldu\u011funu&#8221; kaydetmi\u015ft.<\/p>\n<p style=\"text-align: center;\"><strong><a href=\"https:\/\/t.me\/SuriyeArapHaberAjansI\">Telegram Kanal\u0131m\u0131z\u00a0<\/a>||<a href=\"https:\/\/twitter.com\/arap_ajans\">X Platformumuz\u00a0<\/a>||<a href=\"https:\/\/www.facebook.com\/SANAHaberAjansi\/\">Facebook Sayfam\u0131z<\/a><\/strong><\/p>\n","protected":false},"excerpt":{"rendered":"<p>LILONGWE \u00a0(SANA) &#8211; Malavi medyas\u0131 ve kaynaklar\u0131, Ba\u015fkan Yard\u0131mc\u0131s\u0131 Saulos Klaus Chilima&#8217;y\u0131 ta\u015f\u0131yan u\u00e7a\u011f\u0131n enkaz\u0131n\u0131n, temas kesildikten bir g\u00fcn sonra bulundu\u011funu bildirdi. Agence France-Presse, u\u00e7a\u011f\u0131 aramakla g\u00f6revli askeri kurtarma ekibinin bir \u00fcyesinin \u015funlar\u0131 s\u00f6yledi\u011fini aktard\u0131: \u2018\u2019Malavi ordusuna ait u\u00e7a\u011f\u0131n enkaz\u0131n\u0131n yama\u00e7lardan birinde bulunmas\u0131, talihsiz u\u00e7akta bulunan herkesin \u00f6l\u00fcm\u00fcn\u00fcn do\u011fruland\u0131\u011f\u0131n\u0131 a\u00e7\u0131klad\u0131. Yerel radyo ise Malavi Devlet &hellip;<\/p>\n","protected":false},"author":41,"featured_media":303388,"comment_status":"closed","ping_status":"closed","sticky":false,"template":"","format":"standard","meta":{"footnotes":""},"categories":[458,459,17988],"tags":[41675],"class_list":["post-303387","post","type-post","status-publish","format-standard","has-post-thumbnail","","category-dunya1","category-haberler-arap-uluslararasi-politika","category-son-haberler","tag-malavi-baskan-yardimcisinin-ucaginin-enkazi-bulundu-ve-ucaktaki-tum-yolcularin-oldugu-dogrulandi"],"_links":{"self":[{"href":"https:\/\/archive.sana.sy\/tr\/index.php?rest_route=\/wp\/v2\/posts\/303387","targetHints":{"allow":["GET"]}}],"collection":[{"href":"https:\/\/archive.sana.sy\/tr\/index.php?rest_route=\/wp\/v2\/posts"}],"about":[{"href":"https:\/\/archive.sana.sy\/tr\/index.php?rest_route=\/wp\/v2\/types\/post"}],"author":[{"embeddable":true,"href":"https:\/\/archive.sana.sy\/tr\/index.php?rest_route=\/wp\/v2\/users\/41"}],"replies":[{"embeddable":true,"href":"https:\/\/archive.sana.sy\/tr\/index.php?rest_route=%2Fwp%2Fv2%2Fcomments&post=303387"}],"version-history":[{"count":2,"href":"https:\/\/archive.sana.sy\/tr\/index.php?rest_route=\/wp\/v2\/posts\/303387\/revisions"}],"predecessor-version":[{"id":303390,"href":"https:\/\/archive.sana.sy\/tr\/index.php?rest_route=\/wp\/v2\/posts\/303387\/revisions\/303390"}],"wp:featuredmedia":[{"embeddable":true,"href":"https:\/\/archive.sana.sy\/tr\/index.php?rest_route=\/wp\/v2\/media\/303388"}],"wp:attachment":[{"href":"https:\/\/archive.sana.sy\/tr\/index.php?rest_route=%2Fwp%2Fv2%2Fmedia&parent=303387"}],"wp:term":[{"taxonomy":"category","embeddable":true,"href":"https:\/\/archive.sana.sy\/tr\/index.php?rest_route=%2Fwp%2Fv2%2Fcategories&post=303387"},{"taxonomy":"post_tag","embeddable":true,"href":"https:\/\/archive.sana.sy\/tr\/index.php?rest_route=%2Fwp%2Fv2%2Ftags&post=303387"}],"curies":[{"name":"wp","href":"https:\/\/api.w.org\/{rel}","templated":true}]}}