{"id":303400,"date":"2024-06-11T08:06:35","date_gmt":"2024-06-11T05:06:35","guid":{"rendered":"https:\/\/sana.sy\/tr\/?p=303400"},"modified":"2024-06-13T12:55:56","modified_gmt":"2024-06-13T09:55:56","slug":"lavrov-israilin-gazzeye-yonelik-savasi-derhal-durdurulmali","status":"publish","type":"post","link":"https:\/\/archive.sana.sy\/tr\/?p=303400","title":{"rendered":"Lavrov: \u0130srail&#8217;in Gazze&#8217;ye Y\u00f6nelik Sava\u015f\u0131 Derhal Durdurulmal\u0131"},"content":{"rendered":"<p style=\"text-align: justify;\"><strong>MOSKOVA (SANA) &#8211;<\/strong>\u00a0 Rusya D\u0131\u015fi\u015fleri Bakan\u0131 Sergey Lavrov, \u0130srail&#8217;in Gazze&#8217;ye y\u00f6nelik sava\u015f\u0131n\u0131n derhal durdurulmas\u0131 gerekti\u011fini vurgulad\u0131.<\/p>\n<p style=\"text-align: justify;\">Novosti, Lavrov&#8217;un Rusya&#8217;n\u0131n Nizhny Novgorod kentinde d\u00fczenlenen BRICS Bakanlar Konseyi toplant\u0131s\u0131 sonras\u0131nda d\u00fczenledi\u011fi bas\u0131n toplant\u0131s\u0131nda \u015funlar\u0131 s\u00f6yledi\u011fini aktard\u0131: \u2018\u2019BRICS \u00fclkelerinin d\u0131\u015fi\u015fleri bakanlar\u0131 \u0130srail&#8217;e Gazze&#8217;deki operasyonunu durdurmas\u0131 i\u00e7in bask\u0131 yap\u0131lmas\u0131 gerekti\u011fini vurgulad\u0131.\u2019\u2019<\/p>\n<p style=\"text-align: justify;\">Lavrov ayr\u0131ca, \u2018\u2019\u0130srailli rehineleri serbest b\u0131rakmak i\u00e7in birka\u00e7 g\u00fcn \u00f6nce Nuseyrat kamp\u0131nda y\u00fczlerce masum sivilin \u00f6ld\u00fcr\u00fclmesi kabul edilemez\u2019\u2019 ifadelerini kulland\u0131.<\/p>\n<p style=\"text-align: justify;\">Bakan Lavrov, Rusya&#8217;n\u0131n Bat\u0131&#8217;dan izole olmad\u0131\u011f\u0131n\u0131 ancak Bat\u0131&#8217;n\u0131n, bu davran\u0131\u015f\u0131n\u0131n yaln\u0131zca \u00e7at\u0131\u015fman\u0131n devam\u0131na yol a\u00e7aca\u011f\u0131n\u0131 anlamas\u0131 gerekti\u011fini, Moskova&#8217;n\u0131n Bat\u0131l\u0131 \u00fclkelerin n\u00fckleer kart\u0131 oynamaya y\u00f6nelik giri\u015fimlerini g\u00f6rd\u00fc\u011f\u00fcn\u00fc ve bunlara kar\u015f\u0131 \u00e7\u0131kt\u0131\u011f\u0131n\u0131 vurgulad\u0131.<\/p>\n<p style=\"text-align: justify;\">Lavrov, Rusya&#8217;n\u0131n Bat\u0131&#8217;dan izole olmad\u0131\u011f\u0131n\u0131 ancak Bat\u0131&#8217;n\u0131n, bu davran\u0131\u015f\u0131n\u0131n yaln\u0131zca \u00e7at\u0131\u015fman\u0131n devam\u0131na yol a\u00e7aca\u011f\u0131n\u0131 anlamas\u0131 gerekti\u011fini, Moskova&#8217;n\u0131n Bat\u0131l\u0131 \u00fclkelerin n\u00fckleer kart\u0131 oynamaya y\u00f6nelik giri\u015fimlerini g\u00f6rd\u00fc\u011f\u00fcn\u00fc ve bunlara kar\u015f\u0131 \u00e7\u0131kt\u0131\u011f\u0131n\u0131 vurgulayarak, D\u00fcnyay\u0131 bloklara ay\u0131ran\u0131n Rusya olmad\u0131\u011f\u0131n\u0131, kendisiyle ayn\u0131 fikirde olmayanlar\u0131n cezaland\u0131r\u0131laca\u011f\u0131n\u0131 ilan edenin de Rusya olmad\u0131\u011f\u0131n\u0131 kaydetti.<\/p>\n<p style=\"text-align: justify;\">Lavrov, \u0130svi\u00e7re&#8217;deki Ukrayna zirvesini &#8220;sadece Ukrayna Devlet Ba\u015fkan\u0131 Vladimir Zelensky taraf\u0131ndan haz\u0131rlanan de\u011fersiz bir bar\u0131\u015f form\u00fcl\u00fcn\u00fcn tart\u0131\u015f\u0131ld\u0131\u011f\u0131 bir toplant\u0131&#8221; olarak da nitelendirdi.<\/p>\n<p style=\"text-align: center;\"><strong><a href=\"https:\/\/t.me\/SuriyeArapHaberAjansI\">Telegram Kanal\u0131m\u0131z\u00a0<\/a>||<a href=\"https:\/\/twitter.com\/arap_ajans\">X Platformumuz\u00a0<\/a>||<a href=\"https:\/\/www.facebook.com\/SANAHaberAjansi\/\">Facebook Sayfam\u0131z<\/a><\/strong><\/p>\n","protected":false},"excerpt":{"rendered":"<p>MOSKOVA (SANA) &#8211;\u00a0 Rusya D\u0131\u015fi\u015fleri Bakan\u0131 Sergey Lavrov, \u0130srail&#8217;in Gazze&#8217;ye y\u00f6nelik sava\u015f\u0131n\u0131n derhal durdurulmas\u0131 gerekti\u011fini vurgulad\u0131. Novosti, Lavrov&#8217;un Rusya&#8217;n\u0131n Nizhny Novgorod kentinde d\u00fczenlenen BRICS Bakanlar Konseyi toplant\u0131s\u0131 sonras\u0131nda d\u00fczenledi\u011fi bas\u0131n toplant\u0131s\u0131nda \u015funlar\u0131 s\u00f6yledi\u011fini aktard\u0131: \u2018\u2019BRICS \u00fclkelerinin d\u0131\u015fi\u015fleri bakanlar\u0131 \u0130srail&#8217;e Gazze&#8217;deki operasyonunu durdurmas\u0131 i\u00e7in bask\u0131 yap\u0131lmas\u0131 gerekti\u011fini vurgulad\u0131.\u2019\u2019 Lavrov ayr\u0131ca, \u2018\u2019\u0130srailli rehineleri serbest b\u0131rakmak i\u00e7in birka\u00e7 &hellip;<\/p>\n","protected":false},"author":41,"featured_media":303401,"comment_status":"closed","ping_status":"closed","sticky":false,"template":"","format":"standard","meta":{"footnotes":""},"categories":[458,459,17988],"tags":[41676],"class_list":["post-303400","post","type-post","status-publish","format-standard","has-post-thumbnail","","category-dunya1","category-haberler-arap-uluslararasi-politika","category-son-haberler","tag-lavrov-israilin-gazzeye-yonelik-savasi-derhal-durdurulmali"],"_links":{"self":[{"href":"https:\/\/archive.sana.sy\/tr\/index.php?rest_route=\/wp\/v2\/posts\/303400","targetHints":{"allow":["GET"]}}],"collection":[{"href":"https:\/\/archive.sana.sy\/tr\/index.php?rest_route=\/wp\/v2\/posts"}],"about":[{"href":"https:\/\/archive.sana.sy\/tr\/index.php?rest_route=\/wp\/v2\/types\/post"}],"author":[{"embeddable":true,"href":"https:\/\/archive.sana.sy\/tr\/index.php?rest_route=\/wp\/v2\/users\/41"}],"replies":[{"embeddable":true,"href":"https:\/\/archive.sana.sy\/tr\/index.php?rest_route=%2Fwp%2Fv2%2Fcomments&post=303400"}],"version-history":[{"count":1,"href":"https:\/\/archive.sana.sy\/tr\/index.php?rest_route=\/wp\/v2\/posts\/303400\/revisions"}],"predecessor-version":[{"id":303402,"href":"https:\/\/archive.sana.sy\/tr\/index.php?rest_route=\/wp\/v2\/posts\/303400\/revisions\/303402"}],"wp:featuredmedia":[{"embeddable":true,"href":"https:\/\/archive.sana.sy\/tr\/index.php?rest_route=\/wp\/v2\/media\/303401"}],"wp:attachment":[{"href":"https:\/\/archive.sana.sy\/tr\/index.php?rest_route=%2Fwp%2Fv2%2Fmedia&parent=303400"}],"wp:term":[{"taxonomy":"category","embeddable":true,"href":"https:\/\/archive.sana.sy\/tr\/index.php?rest_route=%2Fwp%2Fv2%2Fcategories&post=303400"},{"taxonomy":"post_tag","embeddable":true,"href":"https:\/\/archive.sana.sy\/tr\/index.php?rest_route=%2Fwp%2Fv2%2Ftags&post=303400"}],"curies":[{"name":"wp","href":"https:\/\/api.w.org\/{rel}","templated":true}]}}