{"id":303407,"date":"2024-06-12T10:19:46","date_gmt":"2024-06-12T07:19:46","guid":{"rendered":"https:\/\/sana.sy\/tr\/?p=303407"},"modified":"2024-06-13T11:38:35","modified_gmt":"2024-06-13T08:38:35","slug":"aksa-tufani-operasyonu-bugunun-en-one-cikan-gelismeleri-162","status":"publish","type":"post","link":"https:\/\/archive.sana.sy\/tr\/?p=303407","title":{"rendered":"Aksa Tufan\u0131 Operasyonu\u2026 Bug\u00fcn\u00fcn En \u00d6ne \u00c7\u0131kan Geli\u015fmeleri"},"content":{"rendered":"<p style=\"text-align: justify;\"><strong>\u0130\u015eGAL ED\u0130LEN KUD\u00dcS (SANA) \u2013\u00a0<\/strong>Filistin direni\u015finin i\u015fgalci \u0130srail\u2019in sald\u0131rganl\u0131\u011f\u0131na yan\u0131t olarak 7 Ekim\u2019de ba\u015flatt\u0131\u011f\u0131 Aksa Tufan\u0131 Operasyonu\u2019nda \u00f6ne \u00e7\u0131kan geli\u015fmeler:<\/p>\n<ul>\n<li style=\"text-align: justify;\">Filistin direni\u015fi, Gazze \u015eehri&#8217;ndeki El Zaytun mahallesinin do\u011fusundaki \u0130srail d\u00fc\u015fman g\u00fc\u00e7lerini havan toplar\u0131yla bombalad\u0131.<\/li>\n<li style=\"text-align: justify;\">\u00a0Filistin direni\u015fi, Gazze \u015eeridi&#8217;nin g\u00fcneyindeki Refah kentindeki \u015eabura kamp\u0131n\u0131n bat\u0131s\u0131nda \u0130srail d\u00fc\u015fman ara\u00e7lar\u0131 ve askerlerinin olu\u015fturdu\u011fu bir toplant\u0131y\u0131 havan toplar\u0131yla hedef ald\u0131.<\/li>\n<li style=\"text-align: justify;\">BM Soru\u015fturma Komisyonu: \u201c\u0130srail\u201d Gazze&#8217;de sava\u015f su\u00e7lar\u0131 ve soyk\u0131r\u0131m i\u015fledi.<\/li>\n<li style=\"text-align: justify;\">Filistin direni\u015fi, Gazze \u015fehrinin do\u011fusundaki &#8220;Nahal Oz&#8221; askeri \u00fcss\u00fcnde \u0130srail i\u015fgaline ait iletim kulelerini havan toplar\u0131yla hedef ald\u0131.<\/li>\n<li style=\"text-align: justify;\"><a href=\"https:\/\/www.sana.sy\/tr\/?p=303431\">UNICEF: Gazze \u015eeridi&#8217;nde 3.000 \u00e7ocuk yetersiz beslenme nedeniyle \u00f6l\u00fcm riskiyle kar\u015f\u0131 kar\u015f\u0131ya.<\/a><\/li>\n<li style=\"text-align: justify;\">Filistin medyas\u0131: \u0130\u015fgalci \u0130srail&#8217;in Gazze \u015fehrinin El Zaytun mahallesindeki bir evi bombalamas\u0131 sonucu 3 \u015fehit ve \u00e7ok say\u0131da yaral\u0131.<\/li>\n<li style=\"text-align: justify;\">Filistin medyas\u0131: \u0130srail i\u015fgal u\u00e7aklar\u0131n\u0131n Gazze \u015fehrinin g\u00fcneydo\u011fusundaki El Zaytun mahallesindeki bir evi bombalamas\u0131 sonucu \u015fehitler ve yaral\u0131lar.<\/li>\n<\/ul>\n<p style=\"text-align: center;\"><strong><a href=\"https:\/\/t.me\/SuriyeArapHaberAjansI\">Telegram Kanal\u0131m\u0131z\u00a0<\/a>||<a href=\"https:\/\/twitter.com\/arap_ajans\">X Platformumuz\u00a0<\/a>||<a href=\"https:\/\/www.facebook.com\/SANAHaberAjansi\/\">Facebook Sayfam\u0131z<\/a><\/strong><\/p>\n","protected":false},"excerpt":{"rendered":"<p>\u0130\u015eGAL ED\u0130LEN KUD\u00dcS (SANA) \u2013\u00a0Filistin direni\u015finin i\u015fgalci \u0130srail\u2019in sald\u0131rganl\u0131\u011f\u0131na yan\u0131t olarak 7 Ekim\u2019de ba\u015flatt\u0131\u011f\u0131 Aksa Tufan\u0131 Operasyonu\u2019nda \u00f6ne \u00e7\u0131kan geli\u015fmeler: Filistin direni\u015fi, Gazze \u015eehri&#8217;ndeki El Zaytun mahallesinin do\u011fusundaki \u0130srail d\u00fc\u015fman g\u00fc\u00e7lerini havan toplar\u0131yla bombalad\u0131. \u00a0Filistin direni\u015fi, Gazze \u015eeridi&#8217;nin g\u00fcneyindeki Refah kentindeki \u015eabura kamp\u0131n\u0131n bat\u0131s\u0131nda \u0130srail d\u00fc\u015fman ara\u00e7lar\u0131 ve askerlerinin olu\u015fturdu\u011fu bir toplant\u0131y\u0131 havan toplar\u0131yla hedef &hellip;<\/p>\n","protected":false},"author":36,"featured_media":303408,"comment_status":"closed","ping_status":"closed","sticky":false,"template":"","format":"standard","meta":{"footnotes":""},"categories":[458,459,17988],"tags":[],"class_list":["post-303407","post","type-post","status-publish","format-standard","has-post-thumbnail","","category-dunya1","category-haberler-arap-uluslararasi-politika","category-son-haberler"],"_links":{"self":[{"href":"https:\/\/archive.sana.sy\/tr\/index.php?rest_route=\/wp\/v2\/posts\/303407","targetHints":{"allow":["GET"]}}],"collection":[{"href":"https:\/\/archive.sana.sy\/tr\/index.php?rest_route=\/wp\/v2\/posts"}],"about":[{"href":"https:\/\/archive.sana.sy\/tr\/index.php?rest_route=\/wp\/v2\/types\/post"}],"author":[{"embeddable":true,"href":"https:\/\/archive.sana.sy\/tr\/index.php?rest_route=\/wp\/v2\/users\/36"}],"replies":[{"embeddable":true,"href":"https:\/\/archive.sana.sy\/tr\/index.php?rest_route=%2Fwp%2Fv2%2Fcomments&post=303407"}],"version-history":[{"count":5,"href":"https:\/\/archive.sana.sy\/tr\/index.php?rest_route=\/wp\/v2\/posts\/303407\/revisions"}],"predecessor-version":[{"id":303453,"href":"https:\/\/archive.sana.sy\/tr\/index.php?rest_route=\/wp\/v2\/posts\/303407\/revisions\/303453"}],"wp:featuredmedia":[{"embeddable":true,"href":"https:\/\/archive.sana.sy\/tr\/index.php?rest_route=\/wp\/v2\/media\/303408"}],"wp:attachment":[{"href":"https:\/\/archive.sana.sy\/tr\/index.php?rest_route=%2Fwp%2Fv2%2Fmedia&parent=303407"}],"wp:term":[{"taxonomy":"category","embeddable":true,"href":"https:\/\/archive.sana.sy\/tr\/index.php?rest_route=%2Fwp%2Fv2%2Fcategories&post=303407"},{"taxonomy":"post_tag","embeddable":true,"href":"https:\/\/archive.sana.sy\/tr\/index.php?rest_route=%2Fwp%2Fv2%2Ftags&post=303407"}],"curies":[{"name":"wp","href":"https:\/\/api.w.org\/{rel}","templated":true}]}}