{"id":303410,"date":"2024-06-12T10:39:41","date_gmt":"2024-06-12T07:39:41","guid":{"rendered":"https:\/\/sana.sy\/tr\/?p=303410"},"modified":"2024-06-13T12:57:17","modified_gmt":"2024-06-13T09:57:17","slug":"isgalin-gazze-seridindeki-alanlari-bombalamasi-sonucu-16-sehit-ve-cok-sayida-yarali","status":"publish","type":"post","link":"https:\/\/archive.sana.sy\/tr\/?p=303410","title":{"rendered":"\u0130\u015fgalin Gazze \u015eeridi&#8217;ndeki Alanlar\u0131 Bombalamas\u0131 Sonucu 16 \u015eehit ve \u00c7ok Say\u0131da Yaral\u0131"},"content":{"rendered":"<p style=\"text-align: justify;\"><strong>\u0130\u015eGAL ED\u0130LEN KUD\u00dcS (SANA) \u2013 <\/strong>\u0130srail i\u015fgalinin Gazze \u015eeridi&#8217;ne y\u00f6nelik 250&#8217;nci g\u00fcn\u00fcnde de devam eden sald\u0131r\u0131lar\u0131 sonucunda bug\u00fcn 16 Filistinli \u015fehit d\u00fc\u015ft\u00fc, onlarcas\u0131 da yaraland\u0131.<\/p>\n<p style=\"text-align: justify;\">Filistinli WAFA Haber Ajans\u0131, i\u015fgalcilerin Gazze \u015eeridi&#8217;nin g\u00fcneyindeki Refah&#8217;taki El Nas\u0131r mahallesi ile Gazze \u015eehri&#8217;ndeki El Daraj ve El \u015eucaiye mahallelerini u\u00e7ak ve toplarla bombalad\u0131\u011f\u0131n\u0131, bunun 16 Filistinlinin \u00f6l\u00fcm\u00fcne ve yaralanmas\u0131na yol a\u00e7t\u0131\u011f\u0131n\u0131 belirtirken, bu arada i\u015fgal g\u00fc\u00e7leri, \u015fiddetli top\u00e7u bombard\u0131man\u0131yla e\u015f zamanl\u0131 olarak Gazze&#8217;nin El-Zaytun mahallesinin do\u011fusuna ve Refah&#8217;\u0131n \u00e7e\u015fitli mahallelerine girdi\u011fine i\u015faret etti.<\/p>\n<p style=\"text-align: center;\"><strong><a href=\"https:\/\/t.me\/SuriyeArapHaberAjansI\">Telegram Kanal\u0131m\u0131z\u00a0<\/a>||<a href=\"https:\/\/twitter.com\/arap_ajans\">X Platformumuz\u00a0<\/a>||<a href=\"https:\/\/www.facebook.com\/SANAHaberAjansi\/\">Facebook Sayfam\u0131z<\/a><\/strong><\/p>\n","protected":false},"excerpt":{"rendered":"<p>\u0130\u015eGAL ED\u0130LEN KUD\u00dcS (SANA) \u2013 \u0130srail i\u015fgalinin Gazze \u015eeridi&#8217;ne y\u00f6nelik 250&#8217;nci g\u00fcn\u00fcnde de devam eden sald\u0131r\u0131lar\u0131 sonucunda bug\u00fcn 16 Filistinli \u015fehit d\u00fc\u015ft\u00fc, onlarcas\u0131 da yaraland\u0131. Filistinli WAFA Haber Ajans\u0131, i\u015fgalcilerin Gazze \u015eeridi&#8217;nin g\u00fcneyindeki Refah&#8217;taki El Nas\u0131r mahallesi ile Gazze \u015eehri&#8217;ndeki El Daraj ve El \u015eucaiye mahallelerini u\u00e7ak ve toplarla bombalad\u0131\u011f\u0131n\u0131, bunun 16 Filistinlinin \u00f6l\u00fcm\u00fcne ve &hellip;<\/p>\n","protected":false},"author":36,"featured_media":303411,"comment_status":"closed","ping_status":"closed","sticky":false,"template":"","format":"standard","meta":{"footnotes":""},"categories":[458,459,17988],"tags":[],"class_list":["post-303410","post","type-post","status-publish","format-standard","has-post-thumbnail","","category-dunya1","category-haberler-arap-uluslararasi-politika","category-son-haberler"],"_links":{"self":[{"href":"https:\/\/archive.sana.sy\/tr\/index.php?rest_route=\/wp\/v2\/posts\/303410","targetHints":{"allow":["GET"]}}],"collection":[{"href":"https:\/\/archive.sana.sy\/tr\/index.php?rest_route=\/wp\/v2\/posts"}],"about":[{"href":"https:\/\/archive.sana.sy\/tr\/index.php?rest_route=\/wp\/v2\/types\/post"}],"author":[{"embeddable":true,"href":"https:\/\/archive.sana.sy\/tr\/index.php?rest_route=\/wp\/v2\/users\/36"}],"replies":[{"embeddable":true,"href":"https:\/\/archive.sana.sy\/tr\/index.php?rest_route=%2Fwp%2Fv2%2Fcomments&post=303410"}],"version-history":[{"count":2,"href":"https:\/\/archive.sana.sy\/tr\/index.php?rest_route=\/wp\/v2\/posts\/303410\/revisions"}],"predecessor-version":[{"id":303430,"href":"https:\/\/archive.sana.sy\/tr\/index.php?rest_route=\/wp\/v2\/posts\/303410\/revisions\/303430"}],"wp:featuredmedia":[{"embeddable":true,"href":"https:\/\/archive.sana.sy\/tr\/index.php?rest_route=\/wp\/v2\/media\/303411"}],"wp:attachment":[{"href":"https:\/\/archive.sana.sy\/tr\/index.php?rest_route=%2Fwp%2Fv2%2Fmedia&parent=303410"}],"wp:term":[{"taxonomy":"category","embeddable":true,"href":"https:\/\/archive.sana.sy\/tr\/index.php?rest_route=%2Fwp%2Fv2%2Fcategories&post=303410"},{"taxonomy":"post_tag","embeddable":true,"href":"https:\/\/archive.sana.sy\/tr\/index.php?rest_route=%2Fwp%2Fv2%2Ftags&post=303410"}],"curies":[{"name":"wp","href":"https:\/\/api.w.org\/{rel}","templated":true}]}}