{"id":303416,"date":"2024-06-12T13:33:05","date_gmt":"2024-06-12T10:33:05","guid":{"rendered":"https:\/\/sana.sy\/tr\/?p=303416"},"modified":"2024-06-13T12:57:28","modified_gmt":"2024-06-13T09:57:28","slug":"bakan-el-hallak-abhazyanin-sam-buyukelcisi-ile-medya-alaninda-isbirligi-iliskilerini-gorustu","status":"publish","type":"post","link":"https:\/\/archive.sana.sy\/tr\/?p=303416","title":{"rendered":"Bakan Hallak, Abhazya&#8217;n\u0131n \u015eam B\u00fcy\u00fckel\u00e7isi \u0130le Medya Alan\u0131nda \u0130\u015fbirli\u011fi \u0130li\u015fkilerini G\u00f6r\u00fc\u015ft\u00fc"},"content":{"rendered":"<p style=\"text-align: justify;\"><strong>\u015eAM (SANA) \u2013\u00a0 <\/strong>Enformasyon Bakan\u0131 Butrus Hallak, Abhazya&#8217;n\u0131n Suriye B\u00fcy\u00fckel\u00e7isi Muhammad Celalovich ile Suriye ve Abhazya aras\u0131ndaki medya i\u015fbirli\u011fi ili\u015fkilerini ve bunlar\u0131 geli\u015ftirmenin ve g\u00fc\u00e7lendirmenin yollar\u0131n\u0131 g\u00f6r\u00fc\u015ft\u00fc.<\/p>\n<p style=\"text-align: justify;\">Hallak, iki \u00fclke aras\u0131ndaki mevcut ili\u015fkiler \u00e7er\u00e7evesinde medya mesajlar\u0131 al\u0131\u015fveri\u015finin, e\u011fitim kurslar\u0131 d\u00fczenlemenin ve medya heyet de\u011fi\u015fiminin \u00f6nemini vurgulad\u0131.<\/p>\n<p style=\"text-align: justify;\">Abhazya b\u00fcy\u00fckel\u00e7isi ise iki \u00fclkenin halklar\u0131n\u0131 birbirlerinin k\u00fclt\u00fcr ve turistik yerleri hakk\u0131nda bilgilendirmenin ve iki halk\u0131n medeniyetiyle ilgili her \u015feyi yaymak i\u00e7in medyay\u0131 kullanman\u0131n gereklili\u011fine dikkat \u00e7ekerek, \u00fclkesinin iki \u00fclke aras\u0131nda en iyi medya i\u015fbirli\u011fi ili\u015fkilerini kurmaya haz\u0131r oldu\u011funu ifade etti.<\/p>\n<p style=\"text-align: center;\"><strong><a href=\"https:\/\/t.me\/SuriyeArapHaberAjansI\">Telegram Kanal\u0131m\u0131z\u00a0<\/a>||<a href=\"https:\/\/twitter.com\/arap_ajans\">X Platformumuz\u00a0<\/a>||<a href=\"https:\/\/www.facebook.com\/SANAHaberAjansi\/\">Facebook Sayfam\u0131z<\/a><\/strong><\/p>\n<div id='gallery-1' class='gallery galleryid-303416 gallery-columns-3 gallery-size-full'><figure class='gallery-item'>\n\t\t\t<div class='gallery-icon landscape'>\n\t\t\t\t<a href='https:\/\/archive.sana.sy\/tr\/wp-content\/uploads\/2024\/06\/DSC_3359.jpg'><img loading=\"lazy\" decoding=\"async\" width=\"660\" height=\"419\" src=\"https:\/\/archive.sana.sy\/tr\/wp-content\/uploads\/2024\/06\/DSC_3359.jpg\" class=\"attachment-full size-full\" alt=\"\" srcset=\"https:\/\/archive.sana.sy\/tr\/wp-content\/uploads\/2024\/06\/DSC_3359.jpg 660w, https:\/\/archive.sana.sy\/tr\/wp-content\/uploads\/2024\/06\/DSC_3359-300x190.jpg 300w\" sizes=\"auto, (max-width: 660px) 100vw, 660px\" \/><\/a>\n\t\t\t<\/div><\/figure><figure class='gallery-item'>\n\t\t\t<div class='gallery-icon landscape'>\n\t\t\t\t<a href='https:\/\/archive.sana.sy\/tr\/wp-content\/uploads\/2024\/06\/DSC_3375.jpg'><img loading=\"lazy\" decoding=\"async\" width=\"660\" height=\"440\" src=\"https:\/\/archive.sana.sy\/tr\/wp-content\/uploads\/2024\/06\/DSC_3375.jpg\" class=\"attachment-full size-full\" alt=\"\" srcset=\"https:\/\/archive.sana.sy\/tr\/wp-content\/uploads\/2024\/06\/DSC_3375.jpg 660w, https:\/\/archive.sana.sy\/tr\/wp-content\/uploads\/2024\/06\/DSC_3375-300x200.jpg 300w\" sizes=\"auto, (max-width: 660px) 100vw, 660px\" \/><\/a>\n\t\t\t<\/div><\/figure><figure class='gallery-item'>\n\t\t\t<div class='gallery-icon landscape'>\n\t\t\t\t<a href='https:\/\/archive.sana.sy\/tr\/wp-content\/uploads\/2024\/06\/DSC_3377.jpg'><img loading=\"lazy\" decoding=\"async\" width=\"660\" height=\"438\" src=\"https:\/\/archive.sana.sy\/tr\/wp-content\/uploads\/2024\/06\/DSC_3377.jpg\" class=\"attachment-full size-full\" alt=\"\" srcset=\"https:\/\/archive.sana.sy\/tr\/wp-content\/uploads\/2024\/06\/DSC_3377.jpg 660w, https:\/\/archive.sana.sy\/tr\/wp-content\/uploads\/2024\/06\/DSC_3377-300x199.jpg 300w, https:\/\/archive.sana.sy\/tr\/wp-content\/uploads\/2024\/06\/DSC_3377-310x205.jpg 310w\" sizes=\"auto, (max-width: 660px) 100vw, 660px\" \/><\/a>\n\t\t\t<\/div><\/figure>\n\t\t<\/div>\n\n","protected":false},"excerpt":{"rendered":"<p>\u015eAM (SANA) \u2013\u00a0 Enformasyon Bakan\u0131 Butrus Hallak, Abhazya&#8217;n\u0131n Suriye B\u00fcy\u00fckel\u00e7isi Muhammad Celalovich ile Suriye ve Abhazya aras\u0131ndaki medya i\u015fbirli\u011fi ili\u015fkilerini ve bunlar\u0131 geli\u015ftirmenin ve g\u00fc\u00e7lendirmenin yollar\u0131n\u0131 g\u00f6r\u00fc\u015ft\u00fc. Hallak, iki \u00fclke aras\u0131ndaki mevcut ili\u015fkiler \u00e7er\u00e7evesinde medya mesajlar\u0131 al\u0131\u015fveri\u015finin, e\u011fitim kurslar\u0131 d\u00fczenlemenin ve medya heyet de\u011fi\u015fiminin \u00f6nemini vurgulad\u0131. Abhazya b\u00fcy\u00fckel\u00e7isi ise iki \u00fclkenin halklar\u0131n\u0131 birbirlerinin k\u00fclt\u00fcr ve &hellip;<\/p>\n","protected":false},"author":36,"featured_media":303420,"comment_status":"closed","ping_status":"closed","sticky":false,"template":"","format":"standard","meta":{"footnotes":""},"categories":[596,479,17988,478],"tags":[],"class_list":["post-303416","post","type-post","status-publish","format-standard","has-post-thumbnail","","category-fotografli-raporlar","category-haberler-yerel","category-son-haberler","category-yerel"],"_links":{"self":[{"href":"https:\/\/archive.sana.sy\/tr\/index.php?rest_route=\/wp\/v2\/posts\/303416","targetHints":{"allow":["GET"]}}],"collection":[{"href":"https:\/\/archive.sana.sy\/tr\/index.php?rest_route=\/wp\/v2\/posts"}],"about":[{"href":"https:\/\/archive.sana.sy\/tr\/index.php?rest_route=\/wp\/v2\/types\/post"}],"author":[{"embeddable":true,"href":"https:\/\/archive.sana.sy\/tr\/index.php?rest_route=\/wp\/v2\/users\/36"}],"replies":[{"embeddable":true,"href":"https:\/\/archive.sana.sy\/tr\/index.php?rest_route=%2Fwp%2Fv2%2Fcomments&post=303416"}],"version-history":[{"count":3,"href":"https:\/\/archive.sana.sy\/tr\/index.php?rest_route=\/wp\/v2\/posts\/303416\/revisions"}],"predecessor-version":[{"id":303426,"href":"https:\/\/archive.sana.sy\/tr\/index.php?rest_route=\/wp\/v2\/posts\/303416\/revisions\/303426"}],"wp:featuredmedia":[{"embeddable":true,"href":"https:\/\/archive.sana.sy\/tr\/index.php?rest_route=\/wp\/v2\/media\/303420"}],"wp:attachment":[{"href":"https:\/\/archive.sana.sy\/tr\/index.php?rest_route=%2Fwp%2Fv2%2Fmedia&parent=303416"}],"wp:term":[{"taxonomy":"category","embeddable":true,"href":"https:\/\/archive.sana.sy\/tr\/index.php?rest_route=%2Fwp%2Fv2%2Fcategories&post=303416"},{"taxonomy":"post_tag","embeddable":true,"href":"https:\/\/archive.sana.sy\/tr\/index.php?rest_route=%2Fwp%2Fv2%2Ftags&post=303416"}],"curies":[{"name":"wp","href":"https:\/\/api.w.org\/{rel}","templated":true}]}}