{"id":303431,"date":"2024-06-12T08:43:16","date_gmt":"2024-06-12T05:43:16","guid":{"rendered":"https:\/\/sana.sy\/tr\/?p=303431"},"modified":"2024-06-13T12:57:12","modified_gmt":"2024-06-13T09:57:12","slug":"unicef-gazze-seridinde-3-bin-cocuk-yetersiz-beslenme-nedeniyle-olum-riskiyle-karsi-karsiya","status":"publish","type":"post","link":"https:\/\/archive.sana.sy\/tr\/?p=303431","title":{"rendered":"UNICEF: Gazze \u015eeridi&#8217;nde 3 Bin \u00c7ocuk Yetersiz Beslenme Nedeniyle \u00d6l\u00fcm Riskiyle Kar\u015f\u0131 Kar\u015f\u0131ya"},"content":{"rendered":"<p style=\"text-align: justify;\"><strong>NEW YORK (SANA)<\/strong> &#8211; Birle\u015fmi\u015f Milletler \u00c7ocuklara Yard\u0131m Fonu (UNICEF), yetersiz beslenmeden muzdarip yakla\u015f\u0131k 3.000 \u00e7ocu\u011fun, \u0130srail&#8217;in sald\u0131rganl\u0131\u011f\u0131 sonucunda gerekli tedaviyi alamad\u0131klar\u0131 i\u00e7in \u00f6l\u00fcm riskiyle kar\u015f\u0131 kar\u015f\u0131ya oldu\u011funu vurgulad\u0131.<\/p>\n<p style=\"text-align: justify;\">Wafa Ajans\u0131 taraf\u0131ndan bug\u00fcn yap\u0131lan bir a\u00e7\u0131klamada \u2018\u2019UNICEF, kuzey Gazze \u015eeridi&#8217;ne g\u0131da yard\u0131m\u0131 ula\u015ft\u0131r\u0131lmas\u0131nda hafif bir iyile\u015fme oldu\u011funu belirtti. Bu esnada, g\u00fcneye insani eri\u015fim \u00f6nemli \u00f6l\u00e7\u00fcde azald\u0131.\u00a0 Bu da daha fazla \u00e7ocu\u011fu yetersiz beslenme riskiyle kar\u015f\u0131 kar\u015f\u0131ya b\u0131rak\u0131yor\u2019\u2019 ifadelere yer veridli.<\/p>\n<p style=\"text-align: justify;\">\u00d6rg\u00fct ayr\u0131ca, korkun\u00e7 \u015fiddet ve yerinden edilmenin Filistinli ailelerin sa\u011fl\u0131k tesislerine ve hizmetlerine eri\u015fimini etkiledi\u011fini a\u00e7\u0131klad\u0131.<\/p>\n<p style=\"text-align: center;\"><strong><a href=\"https:\/\/t.me\/SuriyeArapHaberAjansI\">Telegram Kanal\u0131m\u0131z\u00a0<\/a>||<a href=\"https:\/\/twitter.com\/arap_ajans\">X Platformumuz\u00a0<\/a>||<a href=\"https:\/\/www.facebook.com\/SANAHaberAjansi\/\">Facebook Sayfam\u0131z<\/a><\/strong><\/p>\n","protected":false},"excerpt":{"rendered":"<p>NEW YORK (SANA) &#8211; Birle\u015fmi\u015f Milletler \u00c7ocuklara Yard\u0131m Fonu (UNICEF), yetersiz beslenmeden muzdarip yakla\u015f\u0131k 3.000 \u00e7ocu\u011fun, \u0130srail&#8217;in sald\u0131rganl\u0131\u011f\u0131 sonucunda gerekli tedaviyi alamad\u0131klar\u0131 i\u00e7in \u00f6l\u00fcm riskiyle kar\u015f\u0131 kar\u015f\u0131ya oldu\u011funu vurgulad\u0131. Wafa Ajans\u0131 taraf\u0131ndan bug\u00fcn yap\u0131lan bir a\u00e7\u0131klamada \u2018\u2019UNICEF, kuzey Gazze \u015eeridi&#8217;ne g\u0131da yard\u0131m\u0131 ula\u015ft\u0131r\u0131lmas\u0131nda hafif bir iyile\u015fme oldu\u011funu belirtti. Bu esnada, g\u00fcneye insani eri\u015fim \u00f6nemli \u00f6l\u00e7\u00fcde &hellip;<\/p>\n","protected":false},"author":41,"featured_media":303432,"comment_status":"closed","ping_status":"closed","sticky":false,"template":"","format":"standard","meta":{"footnotes":""},"categories":[458,459,17988],"tags":[41677],"class_list":["post-303431","post","type-post","status-publish","format-standard","has-post-thumbnail","","category-dunya1","category-haberler-arap-uluslararasi-politika","category-son-haberler","tag-unicef-gazze-seridinde-3-bin-cocuk-yetersiz-beslenme-nedeniyle-olum-riskiyle-karsi-karsiya"],"_links":{"self":[{"href":"https:\/\/archive.sana.sy\/tr\/index.php?rest_route=\/wp\/v2\/posts\/303431","targetHints":{"allow":["GET"]}}],"collection":[{"href":"https:\/\/archive.sana.sy\/tr\/index.php?rest_route=\/wp\/v2\/posts"}],"about":[{"href":"https:\/\/archive.sana.sy\/tr\/index.php?rest_route=\/wp\/v2\/types\/post"}],"author":[{"embeddable":true,"href":"https:\/\/archive.sana.sy\/tr\/index.php?rest_route=\/wp\/v2\/users\/41"}],"replies":[{"embeddable":true,"href":"https:\/\/archive.sana.sy\/tr\/index.php?rest_route=%2Fwp%2Fv2%2Fcomments&post=303431"}],"version-history":[{"count":1,"href":"https:\/\/archive.sana.sy\/tr\/index.php?rest_route=\/wp\/v2\/posts\/303431\/revisions"}],"predecessor-version":[{"id":303433,"href":"https:\/\/archive.sana.sy\/tr\/index.php?rest_route=\/wp\/v2\/posts\/303431\/revisions\/303433"}],"wp:featuredmedia":[{"embeddable":true,"href":"https:\/\/archive.sana.sy\/tr\/index.php?rest_route=\/wp\/v2\/media\/303432"}],"wp:attachment":[{"href":"https:\/\/archive.sana.sy\/tr\/index.php?rest_route=%2Fwp%2Fv2%2Fmedia&parent=303431"}],"wp:term":[{"taxonomy":"category","embeddable":true,"href":"https:\/\/archive.sana.sy\/tr\/index.php?rest_route=%2Fwp%2Fv2%2Fcategories&post=303431"},{"taxonomy":"post_tag","embeddable":true,"href":"https:\/\/archive.sana.sy\/tr\/index.php?rest_route=%2Fwp%2Fv2%2Ftags&post=303431"}],"curies":[{"name":"wp","href":"https:\/\/api.w.org\/{rel}","templated":true}]}}