{"id":303435,"date":"2024-06-12T05:47:48","date_gmt":"2024-06-12T02:47:48","guid":{"rendered":"https:\/\/sana.sy\/tr\/?p=303435"},"modified":"2024-06-13T12:57:09","modified_gmt":"2024-06-13T09:57:09","slug":"putin-askeri-komutanlarla-rus-ozel-askeri-operasyonunun-gidisatini-gorustu","status":"publish","type":"post","link":"https:\/\/archive.sana.sy\/tr\/?p=303435","title":{"rendered":"Putin, Askeri Komutanlarla Rus \u00d6zel Askeri Operasyonunun Gidi\u015fat\u0131n\u0131 G\u00f6r\u00fc\u015ft\u00fc"},"content":{"rendered":"<p style=\"text-align: justify;\"><strong>MOSKOVA (SANA)<\/strong> &#8211;\u00a0 Rusya Devlet Ba\u015fkan\u0131 Vladimir Putin, Rus askeri liderleriyle Ukrayna&#8217;daki \u00f6zel operasyonun ilerleyi\u015fini ve belirlenen planlara uygun olarak saha ba\u015far\u0131lar\u0131n\u0131 g\u00f6r\u00fc\u015ft\u00fc.<\/p>\n<p style=\"text-align: justify;\">RT web sitesine g\u00f6re, Rusya cumhurba\u015fkanl\u0131\u011f\u0131 s\u00f6zc\u00fcs\u00fc Dmitry Peskov bug\u00fcn bir bas\u0131n a\u00e7\u0131klamas\u0131nda \u015funlar\u0131 s\u00f6yledi: \u2018\u2019Putin d\u00fcn ak\u015fam ge\u00e7 saatlerde Savunma Bakan\u0131 Andrey Belousov, Genelkurmay Ba\u015fkan\u0131 Valery Gerasimov ve askeri b\u00f6lge komutanlar\u0131n\u0131n kat\u0131ld\u0131\u011f\u0131 askeri bir toplant\u0131 d\u00fczenledi.\u2019\u2019<\/p>\n<p style=\"text-align: justify;\">Peskov, g\u00f6r\u00fc\u015fmede Putin&#8217;e Rusya&#8217;n\u0131n \u00f6zel askeri operasyonunun gidi\u015fat\u0131 ve operasyonlara devam etme planlar\u0131 hakk\u0131nda bilgi verildi\u011fini, toplant\u0131 kat\u0131l\u0131mc\u0131lar\u0131n\u0131n raporlar\u0131n\u0131 ayr\u0131 ayr\u0131 dinledi\u011fini ve kendileriyle ayr\u0131 ayr\u0131 g\u00f6r\u00fc\u015fmeler yapt\u0131\u011f\u0131n\u0131 kaydetti.<\/p>\n<p style=\"text-align: center;\"><strong><a href=\"https:\/\/t.me\/SuriyeArapHaberAjansI\">Telegram Kanal\u0131m\u0131z\u00a0<\/a>||<a href=\"https:\/\/twitter.com\/arap_ajans\">X Platformumuz\u00a0<\/a>||<a href=\"https:\/\/www.facebook.com\/SANAHaberAjansi\/\">Facebook Sayfam\u0131z<\/a><\/strong><\/p>\n","protected":false},"excerpt":{"rendered":"<p>MOSKOVA (SANA) &#8211;\u00a0 Rusya Devlet Ba\u015fkan\u0131 Vladimir Putin, Rus askeri liderleriyle Ukrayna&#8217;daki \u00f6zel operasyonun ilerleyi\u015fini ve belirlenen planlara uygun olarak saha ba\u015far\u0131lar\u0131n\u0131 g\u00f6r\u00fc\u015ft\u00fc. RT web sitesine g\u00f6re, Rusya cumhurba\u015fkanl\u0131\u011f\u0131 s\u00f6zc\u00fcs\u00fc Dmitry Peskov bug\u00fcn bir bas\u0131n a\u00e7\u0131klamas\u0131nda \u015funlar\u0131 s\u00f6yledi: \u2018\u2019Putin d\u00fcn ak\u015fam ge\u00e7 saatlerde Savunma Bakan\u0131 Andrey Belousov, Genelkurmay Ba\u015fkan\u0131 Valery Gerasimov ve askeri b\u00f6lge komutanlar\u0131n\u0131n &hellip;<\/p>\n","protected":false},"author":41,"featured_media":303436,"comment_status":"closed","ping_status":"closed","sticky":false,"template":"","format":"standard","meta":{"footnotes":""},"categories":[458,459,17988],"tags":[41678,2587],"class_list":["post-303435","post","type-post","status-publish","format-standard","has-post-thumbnail","","category-dunya1","category-haberler-arap-uluslararasi-politika","category-son-haberler","tag-askeri-komutanlarla-rus-ozel-askeri-operasyonunun-gidisatini-gorustu","tag-putin"],"_links":{"self":[{"href":"https:\/\/archive.sana.sy\/tr\/index.php?rest_route=\/wp\/v2\/posts\/303435","targetHints":{"allow":["GET"]}}],"collection":[{"href":"https:\/\/archive.sana.sy\/tr\/index.php?rest_route=\/wp\/v2\/posts"}],"about":[{"href":"https:\/\/archive.sana.sy\/tr\/index.php?rest_route=\/wp\/v2\/types\/post"}],"author":[{"embeddable":true,"href":"https:\/\/archive.sana.sy\/tr\/index.php?rest_route=\/wp\/v2\/users\/41"}],"replies":[{"embeddable":true,"href":"https:\/\/archive.sana.sy\/tr\/index.php?rest_route=%2Fwp%2Fv2%2Fcomments&post=303435"}],"version-history":[{"count":1,"href":"https:\/\/archive.sana.sy\/tr\/index.php?rest_route=\/wp\/v2\/posts\/303435\/revisions"}],"predecessor-version":[{"id":303437,"href":"https:\/\/archive.sana.sy\/tr\/index.php?rest_route=\/wp\/v2\/posts\/303435\/revisions\/303437"}],"wp:featuredmedia":[{"embeddable":true,"href":"https:\/\/archive.sana.sy\/tr\/index.php?rest_route=\/wp\/v2\/media\/303436"}],"wp:attachment":[{"href":"https:\/\/archive.sana.sy\/tr\/index.php?rest_route=%2Fwp%2Fv2%2Fmedia&parent=303435"}],"wp:term":[{"taxonomy":"category","embeddable":true,"href":"https:\/\/archive.sana.sy\/tr\/index.php?rest_route=%2Fwp%2Fv2%2Fcategories&post=303435"},{"taxonomy":"post_tag","embeddable":true,"href":"https:\/\/archive.sana.sy\/tr\/index.php?rest_route=%2Fwp%2Fv2%2Ftags&post=303435"}],"curies":[{"name":"wp","href":"https:\/\/api.w.org\/{rel}","templated":true}]}}