{"id":303441,"date":"2024-06-12T18:02:58","date_gmt":"2024-06-12T15:02:58","guid":{"rendered":"https:\/\/sana.sy\/tr\/?p=303441"},"modified":"2024-06-13T12:57:42","modified_gmt":"2024-06-13T09:57:42","slug":"cin-samdaki-esad-milli-kutuphanesine-cesitli-kitaplardan-olusan-bir-koleksiyon-hediye-etti","status":"publish","type":"post","link":"https:\/\/archive.sana.sy\/tr\/?p=303441","title":{"rendered":"\u00c7in, \u015eam&#8217;daki Esad Milli K\u00fct\u00fcphanesi&#8217;ne \u00c7e\u015fitli Kitaplardan Olu\u015fan Bir Koleksiyon Hediye Etti"},"content":{"rendered":"<p style=\"text-align: justify;\"><strong>PEK\u0130N (SANA)<\/strong> &#8211; \u00a0Bug\u00fcn K\u00fclt\u00fcr Bakan\u0131 Lubana M\u00fc\u015favih ve \u00c7in Halk Cumhuriyeti&#8217;nin \u015eam B\u00fcy\u00fckel\u00e7isi Shi Hongwei, \u00c7in&#8217;den Esad Milli K\u00fct\u00fcphanesi&#8217;ne hediye olarak sunulan kitaplardan olu\u015fan bir serginin a\u00e7\u0131l\u0131\u015f\u0131n\u0131 yapt\u0131.<\/p>\n<p style=\"text-align: justify;\"><img loading=\"lazy\" decoding=\"async\" class=\"size-full wp-image-303443 alignright\" src=\"http:\/\/sana.sy\/tr\/wp-content\/uploads\/2024\/06\/photo_2024-06-12_16-49-13-2-300x200-1.jpg\" alt=\"\" width=\"300\" height=\"200\" \/>Sergide \u00c7inceden terc\u00fcme edilen \u00e7ocuk kitaplar\u0131n\u0131n yan\u0131 s\u0131ra felsefe, tarih, medeniyet, k\u00fclt\u00fcr ve sanat \u00fczerine \u00e7e\u015fitli \u00c7ince kitaplardan olu\u015fan yakla\u015f\u0131k 124 ba\u015fl\u0131k yer ald\u0131.<\/p>\n<p style=\"text-align: justify;\">Buna kar\u015f\u0131l\u0131k Bakan M\u00fc\u015f\u015favih, \u00a0\u00c7in b\u00fcy\u00fckel\u00e7isine Suriye uygarl\u0131\u011f\u0131 hakk\u0131nda se\u00e7ilmi\u015f bir grup kitap, Suriye&#8217;ye y\u00f6nelik haks\u0131z sava\u015f hakk\u0131ndaki ger\u00e7ekleri ve Cumhurba\u015fkan\u0131 Be\u015f\u015far Esad&#8217;\u0131n \u00fclkeyi en zor ko\u015fullarda y\u00f6netme yolunu anlatan kitaplar\u0131 sundu.<\/p>\n<p style=\"text-align: justify;\">M\u00fc\u015favvih ayr\u0131ca , bu de\u011ferli hediye i\u00e7in \u00c7in B\u00fcy\u00fckel\u00e7ili\u011fi&#8217;ne te\u015fekk\u00fcr ederek, iki dost \u00fclke aras\u0131nda \u00e7e\u015fitli k\u00fclt\u00fcrel alanlardaki i\u015f birli\u011finin s\u00fcrd\u00fcr\u00fclmesinin \u00f6nemini vurgulad\u0131.<\/p>\n<p style=\"text-align: justify;\">\u00c7in b\u00fcy\u00fckel\u00e7isi de iki \u00fclke aras\u0131ndaki ili\u015fkilerin derinli\u011finden ve Suriye ile \u00c7in aras\u0131ndaki k\u00fclt\u00fcrel al\u0131\u015fveri\u015fin \u00f6neminden bahsederken, Arap milli k\u00fct\u00fcphanelerinin bir b\u00fct\u00fcn olarak en \u00f6nemlilerinden biri olan Esad Milli K\u00fct\u00fcphanesi&#8217;ne daha fazla destek verilece\u011fini kaydetti.<\/p>\n<div id='gallery-1' class='gallery galleryid-303441 gallery-columns-3 gallery-size-thumbnail'><figure class='gallery-item'>\n\t\t\t<div class='gallery-icon landscape'>\n\t\t\t\t<a href='https:\/\/archive.sana.sy\/tr\/?attachment_id=303444'><img loading=\"lazy\" decoding=\"async\" width=\"150\" height=\"150\" src=\"https:\/\/archive.sana.sy\/tr\/wp-content\/uploads\/2024\/06\/33-150x150.jpg\" class=\"attachment-thumbnail size-thumbnail\" alt=\"\" \/><\/a>\n\t\t\t<\/div><\/figure><figure class='gallery-item'>\n\t\t\t<div class='gallery-icon landscape'>\n\t\t\t\t<a href='https:\/\/archive.sana.sy\/tr\/?attachment_id=303445'><img loading=\"lazy\" decoding=\"async\" width=\"150\" height=\"150\" src=\"https:\/\/archive.sana.sy\/tr\/wp-content\/uploads\/2024\/06\/s2-150x150.jpg\" class=\"attachment-thumbnail size-thumbnail\" alt=\"\" \/><\/a>\n\t\t\t<\/div><\/figure><figure class='gallery-item'>\n\t\t\t<div class='gallery-icon landscape'>\n\t\t\t\t<a href='https:\/\/archive.sana.sy\/tr\/?attachment_id=303446'><img loading=\"lazy\" decoding=\"async\" width=\"150\" height=\"150\" src=\"https:\/\/archive.sana.sy\/tr\/wp-content\/uploads\/2024\/06\/2-14-150x150.jpg\" class=\"attachment-thumbnail size-thumbnail\" alt=\"\" \/><\/a>\n\t\t\t<\/div><\/figure>\n\t\t<\/div>\n\n<p style=\"text-align: center;\"><strong><a href=\"https:\/\/t.me\/SuriyeArapHaberAjansI\">Telegram Kanal\u0131m\u0131z<span style=\"color: #ff0000;\">\u00a0<\/span><\/a><span style=\"color: #ff0000;\">||<\/span><a href=\"https:\/\/twitter.com\/arap_ajans\">X Platformumuz\u00a0<\/a><span style=\"color: #ff0000;\">||<\/span><a href=\"https:\/\/www.facebook.com\/SANAHaberAjansi\/\">Facebook Sayfam\u0131z<\/a><\/strong><\/p>\n","protected":false},"excerpt":{"rendered":"<p>PEK\u0130N (SANA) &#8211; \u00a0Bug\u00fcn K\u00fclt\u00fcr Bakan\u0131 Lubana M\u00fc\u015favih ve \u00c7in Halk Cumhuriyeti&#8217;nin \u015eam B\u00fcy\u00fckel\u00e7isi Shi Hongwei, \u00c7in&#8217;den Esad Milli K\u00fct\u00fcphanesi&#8217;ne hediye olarak sunulan kitaplardan olu\u015fan bir serginin a\u00e7\u0131l\u0131\u015f\u0131n\u0131 yapt\u0131. Sergide \u00c7inceden terc\u00fcme edilen \u00e7ocuk kitaplar\u0131n\u0131n yan\u0131 s\u0131ra felsefe, tarih, medeniyet, k\u00fclt\u00fcr ve sanat \u00fczerine \u00e7e\u015fitli \u00c7ince kitaplardan olu\u015fan yakla\u015f\u0131k 124 ba\u015fl\u0131k yer ald\u0131. Buna kar\u015f\u0131l\u0131k &hellip;<\/p>\n","protected":false},"author":41,"featured_media":303442,"comment_status":"closed","ping_status":"closed","sticky":false,"template":"","format":"standard","meta":{"footnotes":""},"categories":[458,516,459,511,17988],"tags":[4349,41682],"class_list":["post-303441","post","type-post","status-publish","format-standard","has-post-thumbnail","","category-dunya1","category-haberler-kultur-ve-sanat","category-haberler-arap-uluslararasi-politika","category-kultur-ve-sanat","category-son-haberler","tag-cin","tag-samdaki-esad-milli-kutuphanesine-cesitli-kitaplardan-olusan-bir-koleksiyon-hediye-etti"],"_links":{"self":[{"href":"https:\/\/archive.sana.sy\/tr\/index.php?rest_route=\/wp\/v2\/posts\/303441","targetHints":{"allow":["GET"]}}],"collection":[{"href":"https:\/\/archive.sana.sy\/tr\/index.php?rest_route=\/wp\/v2\/posts"}],"about":[{"href":"https:\/\/archive.sana.sy\/tr\/index.php?rest_route=\/wp\/v2\/types\/post"}],"author":[{"embeddable":true,"href":"https:\/\/archive.sana.sy\/tr\/index.php?rest_route=\/wp\/v2\/users\/41"}],"replies":[{"embeddable":true,"href":"https:\/\/archive.sana.sy\/tr\/index.php?rest_route=%2Fwp%2Fv2%2Fcomments&post=303441"}],"version-history":[{"count":1,"href":"https:\/\/archive.sana.sy\/tr\/index.php?rest_route=\/wp\/v2\/posts\/303441\/revisions"}],"predecessor-version":[{"id":303447,"href":"https:\/\/archive.sana.sy\/tr\/index.php?rest_route=\/wp\/v2\/posts\/303441\/revisions\/303447"}],"wp:featuredmedia":[{"embeddable":true,"href":"https:\/\/archive.sana.sy\/tr\/index.php?rest_route=\/wp\/v2\/media\/303442"}],"wp:attachment":[{"href":"https:\/\/archive.sana.sy\/tr\/index.php?rest_route=%2Fwp%2Fv2%2Fmedia&parent=303441"}],"wp:term":[{"taxonomy":"category","embeddable":true,"href":"https:\/\/archive.sana.sy\/tr\/index.php?rest_route=%2Fwp%2Fv2%2Fcategories&post=303441"},{"taxonomy":"post_tag","embeddable":true,"href":"https:\/\/archive.sana.sy\/tr\/index.php?rest_route=%2Fwp%2Fv2%2Ftags&post=303441"}],"curies":[{"name":"wp","href":"https:\/\/api.w.org\/{rel}","templated":true}]}}