{"id":303448,"date":"2024-06-12T14:00:18","date_gmt":"2024-06-12T11:00:18","guid":{"rendered":"https:\/\/sana.sy\/tr\/?p=303448"},"modified":"2024-06-13T12:57:32","modified_gmt":"2024-06-13T09:57:32","slug":"rus-ordusu-kiev-guclerinin-saldirilarini-engelleyerek-61-ukrayna-ihasini-imha-etti","status":"publish","type":"post","link":"https:\/\/archive.sana.sy\/tr\/?p=303448","title":{"rendered":"Rus Ordusu Kiev G\u00fc\u00e7lerinin Sald\u0131r\u0131lar\u0131n\u0131 Engelleyerek, 61 \u0130HA\u2019s\u0131n\u0131 \u0130mha Etti"},"content":{"rendered":"<p style=\"text-align: justify;\"><strong>MOSKOVA (SANA)<\/strong> &#8211; \u00a0Rusya Savunma Bakanl\u0131\u011f\u0131, son 24 saat i\u00e7inde g\u00fc\u00e7lerinin konumlar\u0131n\u0131 iyile\u015ftirebildi\u011fini, Kiev rejim g\u00fc\u00e7lerinin sald\u0131r\u0131lar\u0131n\u0131 engelleyebildi\u011fini, e\u011fitim sahalar\u0131n\u0131, m\u00fchimmat depolar\u0131n\u0131 ve 61 Ukrayna y\u00fcr\u00fcy\u00fc\u015f\u00fcn\u00fc imha edebildi\u011fini duyurdu.<\/p>\n<p style=\"text-align: justify;\">Bakanl\u0131k \u00f6zel askeri operasyona ili\u015fkin , g\u00fcnl\u00fck raporunda \u015fu bilgilere yer verdi:<\/p>\n<ul>\n<li style=\"text-align: justify;\">Bug\u00fcn Silahl\u0131 Kuvvetler, Ukrayna hava \u00fcss\u00fcn\u00fcn u\u00e7ak park yerleri ve altyap\u0131s\u0131na y\u00fcksek hassasiyetli, uzun menzilli hava ve kara silahlar\u0131 ve insans\u0131z hava ara\u00e7lar\u0131yla ortak kitlesel sald\u0131r\u0131 ger\u00e7ekle\u015ftirdi.<\/li>\n<li style=\"text-align: justify;\">Kuvvetlerimiz, yabanc\u0131 paral\u0131 askerlerin ge\u00e7ici konu\u015flanma noktas\u0131na da sald\u0131rd\u0131 ve belirlenen t\u00fcm hedeflere ula\u015f\u0131ld\u0131.<\/li>\n<li style=\"text-align: justify;\">birlikler Harkov b\u00f6lgesinde 6 d\u00fc\u015fman sald\u0131r\u0131s\u0131n\u0131 p\u00fcsk\u00fcrtt\u00fc,<\/li>\n<li style=\"text-align: justify;\">Kuvvetler Ukrayna kuvvetlerinin yakla\u015f\u0131k 190 asker, 4 askeri ara\u00e7, top, roketatar ve 4 m\u00fchimmat deposunu imha etti.<\/li>\n<li style=\"text-align: justify;\">Kiev g\u00fc\u00e7leri, Kharkov b\u00f6lgesi, Luhansk Halk Cumhuriyeti ve Sibirya ormanlar\u0131ndaki \u00f6n cephede 500&#8217;den fazla asker, \u00fc\u00e7 kamyonet, top ve alt\u0131 sahra topunu kaybetti.<\/li>\n<li style=\"text-align: justify;\">Rus birimleri ayr\u0131ca Donetsk Halk Cumhuriyeti&#8217;nde Ukrayna&#8217;n\u0131n iki sald\u0131r\u0131s\u0131n\u0131 da p\u00fcsk\u00fcrtt\u00fc; bu sald\u0131r\u0131 s\u0131ras\u0131nda sald\u0131ran g\u00fc\u00e7ler 600 asker, iki z\u0131rhl\u0131 sava\u015f arac\u0131, 10 askeri ara\u00e7, d\u00f6rt sahra topu ve be\u015f m\u00fchimmat deposunu kaybetti.<\/li>\n<li style=\"text-align: justify;\">Donetsk Halk Cumhuriyeti ve Zaporozhye b\u00f6lgesindeki Rus birlikleri 115 Ukraynal\u0131 askeri, iki piyade sava\u015f arac\u0131n\u0131, alt\u0131 askeri arac\u0131 ve iki roketatar\u0131n\u0131 \u00f6ld\u00fcrd\u00fc.<\/li>\n<li style=\"text-align: justify;\">Ortak Rus kuvvetlerinin birimleri de 113 b\u00f6lgedeki Ukrayna askeri yo\u011funla\u015fmas\u0131n\u0131 hedef ald\u0131.<\/li>\n<li style=\"text-align: justify;\">Rus hava savunma sistemleri, Amerikan yap\u0131m\u0131 dokuz Atakum operasyonel taktik f\u00fczesini, iki Hummer g\u00fcd\u00fcml\u00fc bombay\u0131, \u00fc\u00e7 Olkha f\u00fczesini ve 61 insans\u0131z hava arac\u0131n\u0131 d\u00fc\u015f\u00fcrd\u00fc.<\/li>\n<\/ul>\n<p style=\"text-align: center;\"><strong><a href=\"https:\/\/t.me\/SuriyeArapHaberAjansI\">Telegram Kanal\u0131m\u0131z\u00a0<\/a>||<a href=\"https:\/\/twitter.com\/arap_ajans\">X Platformumuz\u00a0<\/a>||<a href=\"https:\/\/www.facebook.com\/SANAHaberAjansi\/\">Facebook Sayfam\u0131z<\/a><\/strong><\/p>\n","protected":false},"excerpt":{"rendered":"<p>MOSKOVA (SANA) &#8211; \u00a0Rusya Savunma Bakanl\u0131\u011f\u0131, son 24 saat i\u00e7inde g\u00fc\u00e7lerinin konumlar\u0131n\u0131 iyile\u015ftirebildi\u011fini, Kiev rejim g\u00fc\u00e7lerinin sald\u0131r\u0131lar\u0131n\u0131 engelleyebildi\u011fini, e\u011fitim sahalar\u0131n\u0131, m\u00fchimmat depolar\u0131n\u0131 ve 61 Ukrayna y\u00fcr\u00fcy\u00fc\u015f\u00fcn\u00fc imha edebildi\u011fini duyurdu. Bakanl\u0131k \u00f6zel askeri operasyona ili\u015fkin , g\u00fcnl\u00fck raporunda \u015fu bilgilere yer verdi: Bug\u00fcn Silahl\u0131 Kuvvetler, Ukrayna hava \u00fcss\u00fcn\u00fcn u\u00e7ak park yerleri ve altyap\u0131s\u0131na y\u00fcksek hassasiyetli, uzun &hellip;<\/p>\n","protected":false},"author":41,"featured_media":303449,"comment_status":"closed","ping_status":"closed","sticky":false,"template":"","format":"standard","meta":{"footnotes":""},"categories":[458,459,17988],"tags":[41684,41683],"class_list":["post-303448","post","type-post","status-publish","format-standard","has-post-thumbnail","","category-dunya1","category-haberler-arap-uluslararasi-politika","category-son-haberler","tag-61-ukrayna-ihasini-imha-etti","tag-rus-ordusu-kiev-guclerinin-saldirilarini-engelleyerek"],"_links":{"self":[{"href":"https:\/\/archive.sana.sy\/tr\/index.php?rest_route=\/wp\/v2\/posts\/303448","targetHints":{"allow":["GET"]}}],"collection":[{"href":"https:\/\/archive.sana.sy\/tr\/index.php?rest_route=\/wp\/v2\/posts"}],"about":[{"href":"https:\/\/archive.sana.sy\/tr\/index.php?rest_route=\/wp\/v2\/types\/post"}],"author":[{"embeddable":true,"href":"https:\/\/archive.sana.sy\/tr\/index.php?rest_route=\/wp\/v2\/users\/41"}],"replies":[{"embeddable":true,"href":"https:\/\/archive.sana.sy\/tr\/index.php?rest_route=%2Fwp%2Fv2%2Fcomments&post=303448"}],"version-history":[{"count":3,"href":"https:\/\/archive.sana.sy\/tr\/index.php?rest_route=\/wp\/v2\/posts\/303448\/revisions"}],"predecessor-version":[{"id":303452,"href":"https:\/\/archive.sana.sy\/tr\/index.php?rest_route=\/wp\/v2\/posts\/303448\/revisions\/303452"}],"wp:featuredmedia":[{"embeddable":true,"href":"https:\/\/archive.sana.sy\/tr\/index.php?rest_route=\/wp\/v2\/media\/303449"}],"wp:attachment":[{"href":"https:\/\/archive.sana.sy\/tr\/index.php?rest_route=%2Fwp%2Fv2%2Fmedia&parent=303448"}],"wp:term":[{"taxonomy":"category","embeddable":true,"href":"https:\/\/archive.sana.sy\/tr\/index.php?rest_route=%2Fwp%2Fv2%2Fcategories&post=303448"},{"taxonomy":"post_tag","embeddable":true,"href":"https:\/\/archive.sana.sy\/tr\/index.php?rest_route=%2Fwp%2Fv2%2Ftags&post=303448"}],"curies":[{"name":"wp","href":"https:\/\/api.w.org\/{rel}","templated":true}]}}