{"id":303458,"date":"2024-06-12T19:28:43","date_gmt":"2024-06-12T16:28:43","guid":{"rendered":"https:\/\/sana.sy\/tr\/?p=303458"},"modified":"2024-06-14T08:57:09","modified_gmt":"2024-06-14T05:57:09","slug":"katna-idlib-kirsalindaki-tarimsal-destek-yontem-ve-mekanizmalarini-masya-yatirdi","status":"publish","type":"post","link":"https:\/\/archive.sana.sy\/tr\/?p=303458","title":{"rendered":"Katna, \u0130dlib k\u0131rsal\u0131ndaki Tar\u0131msal Destek Y\u00f6ntem Ve Mekanizmalar\u0131n\u0131 Masya Yat\u0131rd\u0131"},"content":{"rendered":"<p style=\"text-align: justify;\"><strong>\u0130DL\u0130B (SANA)<\/strong> &#8211; Tar\u0131m ve Tar\u0131m Reformu Bakanl\u0131\u011f\u0131 taraf\u0131ndan \u0130dlib k\u0131rsal\u0131ndaki Han \u015eeyhun&#8217;da bug\u00fcn <img loading=\"lazy\" decoding=\"async\" class=\"size-full wp-image-303460 alignright\" src=\"http:\/\/sana.sy\/tr\/wp-content\/uploads\/2024\/06\/photo_2024-06-12_12-12-17-300x200-1.jpg\" alt=\"\" width=\"300\" height=\"200\" \/>ger\u00e7ekle\u015ftirilen diyalog \u00e7al\u0131\u015ftay\u0131nda \u00e7ift\u00e7ilere ve tar\u0131msal \u00fcr\u00fcnlere y\u00f6nelik \u00f6nerilen destek y\u00f6ntem ve mekanizmalar\u0131 \u00fczerinde duruldu.<\/p>\n<p style=\"text-align: justify;\">Tar\u0131m Bakan\u0131 Muhammed Hassan Katana, SANA muhabirine yapt\u0131\u011f\u0131 a\u00e7\u0131klamada, \u00e7al\u0131\u015ftayda kurtar\u0131lm\u0131\u015f \u0130dlib k\u0131rsal\u0131ndaki topraklar\u0131na d\u00f6nen \u00e7ift\u00e7ilere sa\u011flanacak desteklerin \u015fekil ve y\u00f6ntemlerinin tart\u0131\u015f\u0131ld\u0131\u011f\u0131n\u0131 belirtti.<\/p>\n<p style=\"text-align: justify;\">\u0130dlib Valisi Sair Salhab ise amac\u0131na ula\u015fmak amac\u0131yla tar\u0131msal destekle ilgili fikir ve g\u00f6r\u00fc\u015flerin sunulmas\u0131na tar\u0131m sekt\u00f6r\u00fcndeki \u00e7e\u015fitli payda\u015flar\u0131n ve \u00e7ift\u00e7ilerin dahil edilmesinin \u00f6nemine dikkat \u00e7ekerek, Valilikteki tar\u0131m komitesinin yak\u0131n zamanda tar\u0131m sekt\u00f6r\u00fcn\u00fcn kar\u015f\u0131 kar\u015f\u0131ya oldu\u011fu en belirgin zorluk ve zorluklar\u0131, \u00f6zellikle arazi yat\u0131r\u0131m\u0131 konusu olmak \u00fczere bunlara \u00e7\u00f6z\u00fcm bulmak \u00fczere tart\u0131\u015faca\u011f\u0131n\u0131 kaydetti.<\/p>\n<p style=\"text-align: justify;\">Kendi y\u00f6n\u00fcnden \u0130dlib Tar\u0131m Direkt\u00f6r\u00fc Kas\u0131m Yusuf tar\u0131msal deste\u011fin ekonomik, sosyal ve \u00e7evresel nitelikte bir\u00e7ok hedefi oldu\u011funu, bunlar\u0131n en belirgininin ekonomik kalk\u0131nmay\u0131 sa\u011flamak ve \u00e7ift\u00e7ilerin topraklar\u0131ndan g\u00f6\u00e7\u00fcn\u00fc azaltmak oldu\u011funu a\u00e7\u0131klarken, Destek bi\u00e7imlerinin ister \u00fcretim ister pazarlama a\u015famas\u0131nda olsun \u00e7e\u015fitlilik g\u00f6sterece\u011fine dikkat \u00e7ekti.<\/p>\n<div id='gallery-1' class='gallery galleryid-303458 gallery-columns-2 gallery-size-medium'><figure class='gallery-item'>\n\t\t\t<div class='gallery-icon landscape'>\n\t\t\t\t<a href='https:\/\/archive.sana.sy\/tr\/?attachment_id=303462'><img loading=\"lazy\" decoding=\"async\" width=\"300\" height=\"200\" src=\"https:\/\/archive.sana.sy\/tr\/wp-content\/uploads\/2024\/06\/photo_2024-06-12_12-12-11-300x200.jpg\" class=\"attachment-medium size-medium\" alt=\"\" srcset=\"https:\/\/archive.sana.sy\/tr\/wp-content\/uploads\/2024\/06\/photo_2024-06-12_12-12-11-300x200.jpg 300w, https:\/\/archive.sana.sy\/tr\/wp-content\/uploads\/2024\/06\/photo_2024-06-12_12-12-11.jpg 660w\" sizes=\"auto, (max-width: 300px) 100vw, 300px\" \/><\/a>\n\t\t\t<\/div><\/figure><figure class='gallery-item'>\n\t\t\t<div class='gallery-icon landscape'>\n\t\t\t\t<a href='https:\/\/archive.sana.sy\/tr\/?attachment_id=303463'><img loading=\"lazy\" decoding=\"async\" width=\"300\" height=\"200\" src=\"https:\/\/archive.sana.sy\/tr\/wp-content\/uploads\/2024\/06\/photo_2024-06-12_12-12-14-300x200.jpg\" class=\"attachment-medium size-medium\" alt=\"\" srcset=\"https:\/\/archive.sana.sy\/tr\/wp-content\/uploads\/2024\/06\/photo_2024-06-12_12-12-14-300x200.jpg 300w, https:\/\/archive.sana.sy\/tr\/wp-content\/uploads\/2024\/06\/photo_2024-06-12_12-12-14.jpg 660w\" sizes=\"auto, (max-width: 300px) 100vw, 300px\" \/><\/a>\n\t\t\t<\/div><\/figure>\n\t\t<\/div>\n\n<p style=\"text-align: center;\"><strong><a href=\"https:\/\/t.me\/SuriyeArapHaberAjansI\">Telegram Kanal\u0131m\u0131z\u00a0<\/a>||<a href=\"https:\/\/twitter.com\/arap_ajans\">X Platformumuz\u00a0<\/a>||<a href=\"https:\/\/www.facebook.com\/SANAHaberAjansi\/\">Facebook Sayfam\u0131z<\/a><\/strong><\/p>\n","protected":false},"excerpt":{"rendered":"<p>\u0130DL\u0130B (SANA) &#8211; Tar\u0131m ve Tar\u0131m Reformu Bakanl\u0131\u011f\u0131 taraf\u0131ndan \u0130dlib k\u0131rsal\u0131ndaki Han \u015eeyhun&#8217;da bug\u00fcn ger\u00e7ekle\u015ftirilen diyalog \u00e7al\u0131\u015ftay\u0131nda \u00e7ift\u00e7ilere ve tar\u0131msal \u00fcr\u00fcnlere y\u00f6nelik \u00f6nerilen destek y\u00f6ntem ve mekanizmalar\u0131 \u00fczerinde duruldu. Tar\u0131m Bakan\u0131 Muhammed Hassan Katana, SANA muhabirine yapt\u0131\u011f\u0131 a\u00e7\u0131klamada, \u00e7al\u0131\u015ftayda kurtar\u0131lm\u0131\u015f \u0130dlib k\u0131rsal\u0131ndaki topraklar\u0131na d\u00f6nen \u00e7ift\u00e7ilere sa\u011flanacak desteklerin \u015fekil ve y\u00f6ntemlerinin tart\u0131\u015f\u0131ld\u0131\u011f\u0131n\u0131 belirtti. \u0130dlib Valisi Sair &hellip;<\/p>\n","protected":false},"author":41,"featured_media":303459,"comment_status":"closed","ping_status":"closed","sticky":false,"template":"","format":"standard","meta":{"footnotes":""},"categories":[458,459,17988],"tags":[41687,41686,41688,41685],"class_list":["post-303458","post","type-post","status-publish","format-standard","has-post-thumbnail","","category-dunya1","category-haberler-arap-uluslararasi-politika","category-son-haberler","tag-idipte-son-durum","tag-idlib-kirsalindaki-tarimsal-destek-yontem-ve-mekanizmalarini-masya-yatirdi","tag-idlibda-son-gelimeler","tag-katna"],"_links":{"self":[{"href":"https:\/\/archive.sana.sy\/tr\/index.php?rest_route=\/wp\/v2\/posts\/303458","targetHints":{"allow":["GET"]}}],"collection":[{"href":"https:\/\/archive.sana.sy\/tr\/index.php?rest_route=\/wp\/v2\/posts"}],"about":[{"href":"https:\/\/archive.sana.sy\/tr\/index.php?rest_route=\/wp\/v2\/types\/post"}],"author":[{"embeddable":true,"href":"https:\/\/archive.sana.sy\/tr\/index.php?rest_route=\/wp\/v2\/users\/41"}],"replies":[{"embeddable":true,"href":"https:\/\/archive.sana.sy\/tr\/index.php?rest_route=%2Fwp%2Fv2%2Fcomments&post=303458"}],"version-history":[{"count":2,"href":"https:\/\/archive.sana.sy\/tr\/index.php?rest_route=\/wp\/v2\/posts\/303458\/revisions"}],"predecessor-version":[{"id":303465,"href":"https:\/\/archive.sana.sy\/tr\/index.php?rest_route=\/wp\/v2\/posts\/303458\/revisions\/303465"}],"wp:featuredmedia":[{"embeddable":true,"href":"https:\/\/archive.sana.sy\/tr\/index.php?rest_route=\/wp\/v2\/media\/303459"}],"wp:attachment":[{"href":"https:\/\/archive.sana.sy\/tr\/index.php?rest_route=%2Fwp%2Fv2%2Fmedia&parent=303458"}],"wp:term":[{"taxonomy":"category","embeddable":true,"href":"https:\/\/archive.sana.sy\/tr\/index.php?rest_route=%2Fwp%2Fv2%2Fcategories&post=303458"},{"taxonomy":"post_tag","embeddable":true,"href":"https:\/\/archive.sana.sy\/tr\/index.php?rest_route=%2Fwp%2Fv2%2Ftags&post=303458"}],"curies":[{"name":"wp","href":"https:\/\/api.w.org\/{rel}","templated":true}]}}