{"id":303467,"date":"2024-06-13T11:38:13","date_gmt":"2024-06-13T08:38:13","guid":{"rendered":"https:\/\/sana.sy\/tr\/?p=303467"},"modified":"2024-06-14T13:05:40","modified_gmt":"2024-06-14T10:05:40","slug":"aksa-tufani-operasyonu-bugunun-en-one-cikan-gelismeleri-163","status":"publish","type":"post","link":"https:\/\/archive.sana.sy\/tr\/?p=303467","title":{"rendered":"Aksa Tufan\u0131 Operasyonu\u2026 Bug\u00fcn\u00fcn En \u00d6ne \u00c7\u0131kan Geli\u015fmeleri"},"content":{"rendered":"<p style=\"text-align: justify;\"><strong>\u0130\u015eGAL ED\u0130LEN KUD\u00dcS (SANA) \u2013\u00a0<\/strong>Filistin direni\u015finin i\u015fgalci \u0130srail\u2019in sald\u0131rganl\u0131\u011f\u0131na yan\u0131t olarak 7 Ekim\u2019de ba\u015flatt\u0131\u011f\u0131 Aksa Tufan\u0131 Operasyonu\u2019nda \u00f6ne \u00e7\u0131kan geli\u015fmeler:<\/p>\n<ul style=\"text-align: justify;\">\n<li>Avrupa-Akdeniz G\u00f6zlemevi, i\u015fgalin Cebaliye&#8217;de ger\u00e7ekle\u015ftirdi\u011fi katliam\u0131n ko\u015fullar\u0131n\u0131 ortaya koyuyor<\/li>\n<li><a href=\"https:\/\/www.sana.sy\/tr\/?p=303478\">\u0130srail&#8217;in Gazze&#8217;ye y\u00f6nelik sald\u0131rganl\u0131\u011f\u0131n\u0131n 251&#8217;inci g\u00fcn\u00fcnde i\u015fgalcilerin Gazze \u015eeridi&#8217;nin \u00e7e\u015fitli yerlerindeki bombard\u0131man\u0131 devam ediyor.<\/a><\/li>\n<li><a href=\"https:\/\/www.sana.sy\/tr\/?p=303470\">UNRWA, Gazze \u015eeridi&#8217;ndeki y\u0131k\u0131c\u0131 \u00e7evre ve sa\u011fl\u0131k riskleri konusunda uyard\u0131.<\/a><\/li>\n<li>Filistin medyas\u0131: i\u015fgalci \u0130srail&#8217;in Gazze&#8217;nin bat\u0131s\u0131ndaki El Mina b\u00f6lgesindeki El Ra\u015fid Caddesi&#8217;ni bombalamas\u0131 sonucu bir \u015fehit ve \u00e7ok say\u0131da yaral\u0131.<\/li>\n<li>Filistin medyas\u0131: \u0130srail i\u015fgal u\u00e7aklar\u0131n\u0131n Gazze \u015eeridi&#8217;nin merkezindeki Nuseyrat kamp\u0131n\u0131n g\u00fcneyindeki bir yerle\u015fim kulesini bombalamas\u0131 sonucu \u015fehitler ve yaral\u0131lar.<\/li>\n<\/ul>\n<p style=\"text-align: center;\"><strong><a href=\"https:\/\/t.me\/SuriyeArapHaberAjansI\">Telegram Kanal\u0131m\u0131z\u00a0<\/a>||<a href=\"https:\/\/twitter.com\/arap_ajans\">X Platformumuz\u00a0<\/a>||<a href=\"https:\/\/www.facebook.com\/SANAHaberAjansi\/\">Facebook Sayfam\u0131z<\/a><\/strong><\/p>\n<p style=\"text-align: justify;\">\n","protected":false},"excerpt":{"rendered":"<p>\u0130\u015eGAL ED\u0130LEN KUD\u00dcS (SANA) \u2013\u00a0Filistin direni\u015finin i\u015fgalci \u0130srail\u2019in sald\u0131rganl\u0131\u011f\u0131na yan\u0131t olarak 7 Ekim\u2019de ba\u015flatt\u0131\u011f\u0131 Aksa Tufan\u0131 Operasyonu\u2019nda \u00f6ne \u00e7\u0131kan geli\u015fmeler: Avrupa-Akdeniz G\u00f6zlemevi, i\u015fgalin Cebaliye&#8217;de ger\u00e7ekle\u015ftirdi\u011fi katliam\u0131n ko\u015fullar\u0131n\u0131 ortaya koyuyor \u0130srail&#8217;in Gazze&#8217;ye y\u00f6nelik sald\u0131rganl\u0131\u011f\u0131n\u0131n 251&#8217;inci g\u00fcn\u00fcnde i\u015fgalcilerin Gazze \u015eeridi&#8217;nin \u00e7e\u015fitli yerlerindeki bombard\u0131man\u0131 devam ediyor. UNRWA, Gazze \u015eeridi&#8217;ndeki y\u0131k\u0131c\u0131 \u00e7evre ve sa\u011fl\u0131k riskleri konusunda uyard\u0131. Filistin medyas\u0131: &hellip;<\/p>\n","protected":false},"author":39,"featured_media":303468,"comment_status":"closed","ping_status":"closed","sticky":false,"template":"","format":"standard","meta":{"footnotes":""},"categories":[458,459,17988],"tags":[],"class_list":["post-303467","post","type-post","status-publish","format-standard","has-post-thumbnail","","category-dunya1","category-haberler-arap-uluslararasi-politika","category-son-haberler"],"_links":{"self":[{"href":"https:\/\/archive.sana.sy\/tr\/index.php?rest_route=\/wp\/v2\/posts\/303467","targetHints":{"allow":["GET"]}}],"collection":[{"href":"https:\/\/archive.sana.sy\/tr\/index.php?rest_route=\/wp\/v2\/posts"}],"about":[{"href":"https:\/\/archive.sana.sy\/tr\/index.php?rest_route=\/wp\/v2\/types\/post"}],"author":[{"embeddable":true,"href":"https:\/\/archive.sana.sy\/tr\/index.php?rest_route=\/wp\/v2\/users\/39"}],"replies":[{"embeddable":true,"href":"https:\/\/archive.sana.sy\/tr\/index.php?rest_route=%2Fwp%2Fv2%2Fcomments&post=303467"}],"version-history":[{"count":3,"href":"https:\/\/archive.sana.sy\/tr\/index.php?rest_route=\/wp\/v2\/posts\/303467\/revisions"}],"predecessor-version":[{"id":303490,"href":"https:\/\/archive.sana.sy\/tr\/index.php?rest_route=\/wp\/v2\/posts\/303467\/revisions\/303490"}],"wp:featuredmedia":[{"embeddable":true,"href":"https:\/\/archive.sana.sy\/tr\/index.php?rest_route=\/wp\/v2\/media\/303468"}],"wp:attachment":[{"href":"https:\/\/archive.sana.sy\/tr\/index.php?rest_route=%2Fwp%2Fv2%2Fmedia&parent=303467"}],"wp:term":[{"taxonomy":"category","embeddable":true,"href":"https:\/\/archive.sana.sy\/tr\/index.php?rest_route=%2Fwp%2Fv2%2Fcategories&post=303467"},{"taxonomy":"post_tag","embeddable":true,"href":"https:\/\/archive.sana.sy\/tr\/index.php?rest_route=%2Fwp%2Fv2%2Ftags&post=303467"}],"curies":[{"name":"wp","href":"https:\/\/api.w.org\/{rel}","templated":true}]}}