{"id":303470,"date":"2024-06-13T11:46:55","date_gmt":"2024-06-13T08:46:55","guid":{"rendered":"https:\/\/sana.sy\/tr\/?p=303470"},"modified":"2024-06-14T08:57:19","modified_gmt":"2024-06-14T05:57:19","slug":"unrwa-gazze-seridindeki-yikici-cevre-ve-saglik-riskleri-konusunda-uyardi","status":"publish","type":"post","link":"https:\/\/archive.sana.sy\/tr\/?p=303470","title":{"rendered":"UNRWA, Gazze \u015eeridi&#8217;ndeki Y\u0131k\u0131c\u0131 \u00c7evre Ve Sa\u011fl\u0131k Riskleri Konusunda Uyard\u0131"},"content":{"rendered":"<p style=\"text-align: justify;\"><strong>NEW YORK (SANA) \u2013 <\/strong>Birle\u015fmi\u015f Milletler Ajans\u0131 (UNRWA) bug\u00fcn Gazze \u015eeridi&#8217;ndeki y\u0131k\u0131c\u0131 \u00e7evre ve sa\u011fl\u0131k riskleri konusunda uyard\u0131.<\/p>\n<p style=\"text-align: justify;\">UNRWA, Wafa Ajans\u0131 taraf\u0131ndan bildirilen X platformunda yapt\u0131\u011f\u0131 a\u00e7\u0131klamada, &#8220;Gazze \u015eeridi&#8217;ndeki yerle\u015fim yerlerinde 330.000 tondan fazla at\u0131k birikiyor ve bu durum felaket d\u00fczeyinde \u00e7evre ve sa\u011fl\u0131k riskleri yarat\u0131yor&#8221; dedi.<\/p>\n<p style=\"text-align: justify;\">UNRWA, insani yard\u0131ma engelsiz eri\u015fimin ve ate\u015fkesin, \u015eerit&#8217;teki insani ya\u015fam ko\u015fullar\u0131n\u0131n yeniden sa\u011flanmas\u0131 i\u00e7in hayati \u00f6nem ta\u015f\u0131d\u0131\u011f\u0131n\u0131 da s\u00f6zlerine ekledi.<\/p>\n<p style=\"text-align: center;\"><strong><a href=\"https:\/\/t.me\/SuriyeArapHaberAjansI\">Telegram Kanal\u0131m\u0131z\u00a0<\/a>||<a href=\"https:\/\/twitter.com\/arap_ajans\">X Platformumuz\u00a0<\/a>||<a href=\"https:\/\/www.facebook.com\/SANAHaberAjansi\/\">Facebook Sayfam\u0131z<\/a><\/strong><\/p>\n","protected":false},"excerpt":{"rendered":"<p>NEW YORK (SANA) \u2013 Birle\u015fmi\u015f Milletler Ajans\u0131 (UNRWA) bug\u00fcn Gazze \u015eeridi&#8217;ndeki y\u0131k\u0131c\u0131 \u00e7evre ve sa\u011fl\u0131k riskleri konusunda uyard\u0131. UNRWA, Wafa Ajans\u0131 taraf\u0131ndan bildirilen X platformunda yapt\u0131\u011f\u0131 a\u00e7\u0131klamada, &#8220;Gazze \u015eeridi&#8217;ndeki yerle\u015fim yerlerinde 330.000 tondan fazla at\u0131k birikiyor ve bu durum felaket d\u00fczeyinde \u00e7evre ve sa\u011fl\u0131k riskleri yarat\u0131yor&#8221; dedi. UNRWA, insani yard\u0131ma engelsiz eri\u015fimin ve ate\u015fkesin, \u015eerit&#8217;teki &hellip;<\/p>\n","protected":false},"author":39,"featured_media":303471,"comment_status":"closed","ping_status":"closed","sticky":false,"template":"","format":"standard","meta":{"footnotes":""},"categories":[458,459,17988],"tags":[],"class_list":["post-303470","post","type-post","status-publish","format-standard","has-post-thumbnail","","category-dunya1","category-haberler-arap-uluslararasi-politika","category-son-haberler"],"_links":{"self":[{"href":"https:\/\/archive.sana.sy\/tr\/index.php?rest_route=\/wp\/v2\/posts\/303470","targetHints":{"allow":["GET"]}}],"collection":[{"href":"https:\/\/archive.sana.sy\/tr\/index.php?rest_route=\/wp\/v2\/posts"}],"about":[{"href":"https:\/\/archive.sana.sy\/tr\/index.php?rest_route=\/wp\/v2\/types\/post"}],"author":[{"embeddable":true,"href":"https:\/\/archive.sana.sy\/tr\/index.php?rest_route=\/wp\/v2\/users\/39"}],"replies":[{"embeddable":true,"href":"https:\/\/archive.sana.sy\/tr\/index.php?rest_route=%2Fwp%2Fv2%2Fcomments&post=303470"}],"version-history":[{"count":1,"href":"https:\/\/archive.sana.sy\/tr\/index.php?rest_route=\/wp\/v2\/posts\/303470\/revisions"}],"predecessor-version":[{"id":303472,"href":"https:\/\/archive.sana.sy\/tr\/index.php?rest_route=\/wp\/v2\/posts\/303470\/revisions\/303472"}],"wp:featuredmedia":[{"embeddable":true,"href":"https:\/\/archive.sana.sy\/tr\/index.php?rest_route=\/wp\/v2\/media\/303471"}],"wp:attachment":[{"href":"https:\/\/archive.sana.sy\/tr\/index.php?rest_route=%2Fwp%2Fv2%2Fmedia&parent=303470"}],"wp:term":[{"taxonomy":"category","embeddable":true,"href":"https:\/\/archive.sana.sy\/tr\/index.php?rest_route=%2Fwp%2Fv2%2Fcategories&post=303470"},{"taxonomy":"post_tag","embeddable":true,"href":"https:\/\/archive.sana.sy\/tr\/index.php?rest_route=%2Fwp%2Fv2%2Ftags&post=303470"}],"curies":[{"name":"wp","href":"https:\/\/api.w.org\/{rel}","templated":true}]}}