{"id":303473,"date":"2024-06-13T12:49:33","date_gmt":"2024-06-13T09:49:33","guid":{"rendered":"https:\/\/sana.sy\/tr\/?p=303473"},"modified":"2024-06-14T08:57:26","modified_gmt":"2024-06-14T05:57:26","slug":"amerikan-ingilizlerin-yemenin-riymeh-vilayetine-yonelik-saldirganligi-sonucu-5-kisi-yaralandi","status":"publish","type":"post","link":"https:\/\/archive.sana.sy\/tr\/?p=303473","title":{"rendered":"Yemen&#8217;in Rimeh Vilayetini Hedef Alan Yeni Bir Amerikan-\u0130ngiliz Sald\u0131rganl\u0131\u011f\u0131 Sonucu Be\u015f Ki\u015fi Yaraland\u0131"},"content":{"rendered":"<p style=\"text-align: justify;\"><strong>\u015eAM (SANA) \u2013<\/strong> Yemen&#8217;in Riymeh vilayetini hedef alan yeni bir Amerikan-\u0130ngiliz sald\u0131rganl\u0131\u011f\u0131 sonucu be\u015f ki\u015fi yaraland\u0131.<\/p>\n<p style=\"text-align: justify;\">EL MAS\u0130RAH TV muhabiri, Amerikan-\u0130ngiliz sald\u0131rganl\u0131\u011f\u0131n\u0131n Riymeh Valili\u011fi&#8217;nin El Cebin \u0130l\u00e7esi&#8217;ndeki h\u00fck\u00fcmet kompleksinde bulunan radyo binas\u0131na d\u00fczenledi\u011fi iki hava sald\u0131r\u0131s\u0131 sonucu 5 vatanda\u015f\u0131n yaraland\u0131\u011f\u0131n\u0131 bildirdi.<\/p>\n<p style=\"text-align: justify;\">D\u00fcn ak\u015fam erken saatlerde Amerikan ve \u0130ngiliz sald\u0131rganl\u0131\u011f\u0131, Hudeyde Valili\u011fi&#8217;ndeki El Tuheyte B\u00f6lgesini, Hudeyde \u015fehrinin bat\u0131s\u0131ndaki El Cebbene b\u00f6lgesini iki hava sald\u0131r\u0131s\u0131yla hedef alm\u0131\u015ft\u0131.<\/p>\n<p style=\"text-align: center;\"><strong><a href=\"https:\/\/t.me\/SuriyeArapHaberAjansI\">Telegram Kanal\u0131m\u0131z\u00a0<\/a>||<a href=\"https:\/\/twitter.com\/arap_ajans\">X Platformumuz\u00a0<\/a>||<a href=\"https:\/\/www.facebook.com\/SANAHaberAjansi\/\">Facebook Sayfam\u0131z<\/a><\/strong><\/p>\n","protected":false},"excerpt":{"rendered":"<p>\u015eAM (SANA) \u2013 Yemen&#8217;in Riymeh vilayetini hedef alan yeni bir Amerikan-\u0130ngiliz sald\u0131rganl\u0131\u011f\u0131 sonucu be\u015f ki\u015fi yaraland\u0131. EL MAS\u0130RAH TV muhabiri, Amerikan-\u0130ngiliz sald\u0131rganl\u0131\u011f\u0131n\u0131n Riymeh Valili\u011fi&#8217;nin El Cebin \u0130l\u00e7esi&#8217;ndeki h\u00fck\u00fcmet kompleksinde bulunan radyo binas\u0131na d\u00fczenledi\u011fi iki hava sald\u0131r\u0131s\u0131 sonucu 5 vatanda\u015f\u0131n yaraland\u0131\u011f\u0131n\u0131 bildirdi. D\u00fcn ak\u015fam erken saatlerde Amerikan ve \u0130ngiliz sald\u0131rganl\u0131\u011f\u0131, Hudeyde Valili\u011fi&#8217;ndeki El Tuheyte B\u00f6lgesini, Hudeyde &hellip;<\/p>\n","protected":false},"author":39,"featured_media":303474,"comment_status":"closed","ping_status":"closed","sticky":false,"template":"","format":"standard","meta":{"footnotes":""},"categories":[458,459,17988],"tags":[],"class_list":["post-303473","post","type-post","status-publish","format-standard","has-post-thumbnail","","category-dunya1","category-haberler-arap-uluslararasi-politika","category-son-haberler"],"_links":{"self":[{"href":"https:\/\/archive.sana.sy\/tr\/index.php?rest_route=\/wp\/v2\/posts\/303473","targetHints":{"allow":["GET"]}}],"collection":[{"href":"https:\/\/archive.sana.sy\/tr\/index.php?rest_route=\/wp\/v2\/posts"}],"about":[{"href":"https:\/\/archive.sana.sy\/tr\/index.php?rest_route=\/wp\/v2\/types\/post"}],"author":[{"embeddable":true,"href":"https:\/\/archive.sana.sy\/tr\/index.php?rest_route=\/wp\/v2\/users\/39"}],"replies":[{"embeddable":true,"href":"https:\/\/archive.sana.sy\/tr\/index.php?rest_route=%2Fwp%2Fv2%2Fcomments&post=303473"}],"version-history":[{"count":3,"href":"https:\/\/archive.sana.sy\/tr\/index.php?rest_route=\/wp\/v2\/posts\/303473\/revisions"}],"predecessor-version":[{"id":303477,"href":"https:\/\/archive.sana.sy\/tr\/index.php?rest_route=\/wp\/v2\/posts\/303473\/revisions\/303477"}],"wp:featuredmedia":[{"embeddable":true,"href":"https:\/\/archive.sana.sy\/tr\/index.php?rest_route=\/wp\/v2\/media\/303474"}],"wp:attachment":[{"href":"https:\/\/archive.sana.sy\/tr\/index.php?rest_route=%2Fwp%2Fv2%2Fmedia&parent=303473"}],"wp:term":[{"taxonomy":"category","embeddable":true,"href":"https:\/\/archive.sana.sy\/tr\/index.php?rest_route=%2Fwp%2Fv2%2Fcategories&post=303473"},{"taxonomy":"post_tag","embeddable":true,"href":"https:\/\/archive.sana.sy\/tr\/index.php?rest_route=%2Fwp%2Fv2%2Ftags&post=303473"}],"curies":[{"name":"wp","href":"https:\/\/api.w.org\/{rel}","templated":true}]}}