{"id":303481,"date":"2024-06-13T16:19:35","date_gmt":"2024-06-13T13:19:35","guid":{"rendered":"https:\/\/sana.sy\/tr\/?p=303481"},"modified":"2024-06-18T12:13:56","modified_gmt":"2024-06-18T09:13:56","slug":"saglik-bakanligi-kurban-bayrami-tatilinde-saglik-hizmeti-sunmaya-tam-anlamiyla-haziriz","status":"publish","type":"post","link":"https:\/\/archive.sana.sy\/tr\/?p=303481","title":{"rendered":"Sa\u011fl\u0131k Bakanl\u0131\u011f\u0131: Kurban Bayram\u0131 Tatilinde Sa\u011fl\u0131k Hizmeti Sunmaya Tam Anlam\u0131yla Haz\u0131r\u0131z"},"content":{"rendered":"<p style=\"text-align: justify;\"><strong>\u015eAM (SANA)<\/strong> &#8211; \u00a0Sa\u011fl\u0131k Bakanl\u0131\u011f\u0131, \u00e7e\u015fitli valiliklerde g\u00f6rev yapan hastane ve sa\u011fl\u0131k merkezlerindeki ambulans ve acil servis birimleri ile ulusal d\u00fczeydeki ambulans sisteminin, yakla\u015fan Kurban Bayram\u0131 tatili boyunca da 24 saat ziyaret\u00e7i kabul etmeye devam edece\u011fini do\u011frulad\u0131.<\/p>\n<p style=\"text-align: justify;\">Bakanl\u0131k, bug\u00fcn bir kopyas\u0131 SANA&#8217;ya ula\u015fan a\u00e7\u0131klamada, t\u00fcm i\u015f birimlerine saha gezileri yap\u0131lmas\u0131n\u0131n gereklili\u011fini ve g\u00f6rev yapan uzmanlar\u0131n kendi b\u00f6l\u00fcmlerinde fiziki olarak bulunma taahh\u00fcd\u00fcn\u00fc vurgulad\u0131.<\/p>\n<p style=\"text-align: center;\"><strong><a href=\"https:\/\/t.me\/SuriyeArapHaberAjansI\">Telegram Kanal\u0131m\u0131z\u00a0<\/a>||<a href=\"https:\/\/twitter.com\/arap_ajans\">X Platformumuz\u00a0<\/a>||<a href=\"https:\/\/www.facebook.com\/SANAHaberAjansi\/\">Facebook Sayfam\u0131z<\/a><\/strong><\/p>\n","protected":false},"excerpt":{"rendered":"<p>\u015eAM (SANA) &#8211; \u00a0Sa\u011fl\u0131k Bakanl\u0131\u011f\u0131, \u00e7e\u015fitli valiliklerde g\u00f6rev yapan hastane ve sa\u011fl\u0131k merkezlerindeki ambulans ve acil servis birimleri ile ulusal d\u00fczeydeki ambulans sisteminin, yakla\u015fan Kurban Bayram\u0131 tatili boyunca da 24 saat ziyaret\u00e7i kabul etmeye devam edece\u011fini do\u011frulad\u0131. Bakanl\u0131k, bug\u00fcn bir kopyas\u0131 SANA&#8217;ya ula\u015fan a\u00e7\u0131klamada, t\u00fcm i\u015f birimlerine saha gezileri yap\u0131lmas\u0131n\u0131n gereklili\u011fini ve g\u00f6rev yapan uzmanlar\u0131n &hellip;<\/p>\n","protected":false},"author":41,"featured_media":303482,"comment_status":"closed","ping_status":"closed","sticky":false,"template":"","format":"standard","meta":{"footnotes":""},"categories":[479,17988,478],"tags":[41690],"class_list":["post-303481","post","type-post","status-publish","format-standard","has-post-thumbnail","","category-haberler-yerel","category-son-haberler","category-yerel","tag-saglik-bakanligi-kurban-bayrami-tatilinde-saglik-hizmeti-sunmaya-tam-anlamiyla-haziriz"],"_links":{"self":[{"href":"https:\/\/archive.sana.sy\/tr\/index.php?rest_route=\/wp\/v2\/posts\/303481","targetHints":{"allow":["GET"]}}],"collection":[{"href":"https:\/\/archive.sana.sy\/tr\/index.php?rest_route=\/wp\/v2\/posts"}],"about":[{"href":"https:\/\/archive.sana.sy\/tr\/index.php?rest_route=\/wp\/v2\/types\/post"}],"author":[{"embeddable":true,"href":"https:\/\/archive.sana.sy\/tr\/index.php?rest_route=\/wp\/v2\/users\/41"}],"replies":[{"embeddable":true,"href":"https:\/\/archive.sana.sy\/tr\/index.php?rest_route=%2Fwp%2Fv2%2Fcomments&post=303481"}],"version-history":[{"count":1,"href":"https:\/\/archive.sana.sy\/tr\/index.php?rest_route=\/wp\/v2\/posts\/303481\/revisions"}],"predecessor-version":[{"id":303483,"href":"https:\/\/archive.sana.sy\/tr\/index.php?rest_route=\/wp\/v2\/posts\/303481\/revisions\/303483"}],"wp:featuredmedia":[{"embeddable":true,"href":"https:\/\/archive.sana.sy\/tr\/index.php?rest_route=\/wp\/v2\/media\/303482"}],"wp:attachment":[{"href":"https:\/\/archive.sana.sy\/tr\/index.php?rest_route=%2Fwp%2Fv2%2Fmedia&parent=303481"}],"wp:term":[{"taxonomy":"category","embeddable":true,"href":"https:\/\/archive.sana.sy\/tr\/index.php?rest_route=%2Fwp%2Fv2%2Fcategories&post=303481"},{"taxonomy":"post_tag","embeddable":true,"href":"https:\/\/archive.sana.sy\/tr\/index.php?rest_route=%2Fwp%2Fv2%2Ftags&post=303481"}],"curies":[{"name":"wp","href":"https:\/\/api.w.org\/{rel}","templated":true}]}}