{"id":303484,"date":"2024-06-13T12:25:40","date_gmt":"2024-06-13T09:25:40","guid":{"rendered":"https:\/\/sana.sy\/tr\/?p=303484"},"modified":"2024-06-14T08:57:22","modified_gmt":"2024-06-14T05:57:22","slug":"bakiri-kani-islam-ulkelerine-gazzedeki-filistinlilere-karsi-islenen-suclara-son-vermek-icin-yeteneklerini-kullanma-cagrisinda-bulundu","status":"publish","type":"post","link":"https:\/\/archive.sana.sy\/tr\/?p=303484","title":{"rendered":"Bakiri Kani, \u0130slam \u00dclkelerine Gazze&#8217;deki Filistinlilere Kar\u015f\u0131 \u0130\u015flenen Su\u00e7lara Son Vermek \u0130\u00e7in Yeteneklerini Kullanma \u00c7a\u011fr\u0131s\u0131nda Bulundu"},"content":{"rendered":"<p style=\"text-align: justify;\"><strong>TAHRAN (SANA)<\/strong> &#8211;\u00a0 \u0130ran D\u0131\u015fi\u015fleri Bakan Vekili Ali Bakiri Kani, \u2018\u2019Bug\u00fcn Gazze&#8217;de \u0130srail d\u00fc\u015fman\u0131n\u0131n soyk\u0131r\u0131m\u0131na tan\u0131k oluyoruz ama buna ra\u011fmen Gazze halk\u0131 dimdik ve dimdik ayakta kalmaya devam ediyor\u2019\u2019 diyerek, \u00a0\u0130slam \u00fclkelerine, kendilerine kar\u015f\u0131 i\u015flenen su\u00e7lara son vermek i\u00e7in yeteneklerini kullanmaya \u00e7a\u011f\u0131rd\u0131.<\/p>\n<p style=\"text-align: justify;\">\u0130ran haber ajans\u0131 IRNA, Bagheri Kani&#8217;nin bug\u00fcn Irak D\u0131\u015fi\u015fleri Bakan\u0131 Fuad H\u00fcseyin ile Irak&#8217;\u0131n ba\u015fkenti Ba\u011fdat&#8217;ta d\u00fczenledi\u011fi ortak bas\u0131n toplant\u0131s\u0131nda \u015funlar\u0131 s\u00f6yledi\u011fini aktard\u0131: &#8220;E\u011fer Amerikal\u0131lar Gazze&#8217;deki sava\u015f\u0131 ve kan d\u00f6k\u00fclmesini durdurmak i\u00e7in siyasi giri\u015fimlerde bulunmak istiyorlarsa Siyonist i\u015fgalcilere ve sald\u0131rganlara silah ve askeri yard\u0131m g\u00f6ndermekten vazge\u00e7meliler&#8221; dedi.<\/p>\n<p style=\"text-align: justify;\">B\u00f6lgedeki t\u00fcm \u00fclkelerin g\u00fcvenli ve istikrarl\u0131 bir b\u00f6lge in\u015fa etmek i\u00e7in yan yana durdu\u011funu, b\u00f6lgedeki gerilimin ve istikrars\u0131zl\u0131\u011f\u0131n as\u0131l nedeninin kendilerinin oldu\u011funu g\u00f6sterenlerin ise bu Siyonistler oldu\u011funa dikkat \u00e7ekti.<\/p>\n<p style=\"text-align: justify;\">\u0130ran&#8217;\u0131n &#8220;Do\u011fru S\u00f6z&#8221; Harekat\u0131 s\u0131ras\u0131nda b\u00f6lgenin istikrar\u0131, bar\u0131\u015f\u0131 ve g\u00fcvenli\u011fi i\u00e7in t\u00fcm imkan ve enerjisini kullanaca\u011f\u0131n\u0131 ve Siyonist sald\u0131rganlar\u0131n b\u00f6lgenin istikrar ve g\u00fcvenli\u011fini baltalamas\u0131na izin vermeyece\u011fini g\u00f6sterdi\u011fine dikkat \u00e7eken Bakiri Kani, \u0130ran&#8217;\u0131n kendisi ile Irak aras\u0131ndaki dayan\u0131\u015fma ve dayan\u0131\u015fmay\u0131 b\u00f6lgenin g\u00fcvenli\u011fine hizmet edecek ve ekonomik ili\u015fkileri geni\u015fletecek \u015fekilde g\u00fc\u00e7lendirme kararl\u0131l\u0131\u011f\u0131n\u0131 kaydetti.<\/p>\n<p style=\"text-align: center;\"><strong><a href=\"https:\/\/t.me\/SuriyeArapHaberAjansI\">Telegram Kanal\u0131m\u0131z\u00a0<\/a>||<a href=\"https:\/\/twitter.com\/arap_ajans\">X Platformumuz\u00a0<\/a>||<a href=\"https:\/\/www.facebook.com\/SANAHaberAjansi\/\">Facebook Sayfam\u0131z<\/a><\/strong><\/p>\n","protected":false},"excerpt":{"rendered":"<p>TAHRAN (SANA) &#8211;\u00a0 \u0130ran D\u0131\u015fi\u015fleri Bakan Vekili Ali Bakiri Kani, \u2018\u2019Bug\u00fcn Gazze&#8217;de \u0130srail d\u00fc\u015fman\u0131n\u0131n soyk\u0131r\u0131m\u0131na tan\u0131k oluyoruz ama buna ra\u011fmen Gazze halk\u0131 dimdik ve dimdik ayakta kalmaya devam ediyor\u2019\u2019 diyerek, \u00a0\u0130slam \u00fclkelerine, kendilerine kar\u015f\u0131 i\u015flenen su\u00e7lara son vermek i\u00e7in yeteneklerini kullanmaya \u00e7a\u011f\u0131rd\u0131. \u0130ran haber ajans\u0131 IRNA, Bagheri Kani&#8217;nin bug\u00fcn Irak D\u0131\u015fi\u015fleri Bakan\u0131 Fuad H\u00fcseyin ile &hellip;<\/p>\n","protected":false},"author":41,"featured_media":303485,"comment_status":"closed","ping_status":"closed","sticky":false,"template":"","format":"standard","meta":{"footnotes":""},"categories":[458,459,17988],"tags":[41691,41692],"class_list":["post-303484","post","type-post","status-publish","format-standard","has-post-thumbnail","","category-dunya1","category-haberler-arap-uluslararasi-politika","category-son-haberler","tag-bakiri-kani","tag-islam-ulkelerine-gazzedeki-filistinlilere-karsi-islenen-suclara-son-vermek-icin-yeteneklerini-kullanma-cagrisinda-bulundu"],"_links":{"self":[{"href":"https:\/\/archive.sana.sy\/tr\/index.php?rest_route=\/wp\/v2\/posts\/303484","targetHints":{"allow":["GET"]}}],"collection":[{"href":"https:\/\/archive.sana.sy\/tr\/index.php?rest_route=\/wp\/v2\/posts"}],"about":[{"href":"https:\/\/archive.sana.sy\/tr\/index.php?rest_route=\/wp\/v2\/types\/post"}],"author":[{"embeddable":true,"href":"https:\/\/archive.sana.sy\/tr\/index.php?rest_route=\/wp\/v2\/users\/41"}],"replies":[{"embeddable":true,"href":"https:\/\/archive.sana.sy\/tr\/index.php?rest_route=%2Fwp%2Fv2%2Fcomments&post=303484"}],"version-history":[{"count":3,"href":"https:\/\/archive.sana.sy\/tr\/index.php?rest_route=\/wp\/v2\/posts\/303484\/revisions"}],"predecessor-version":[{"id":303488,"href":"https:\/\/archive.sana.sy\/tr\/index.php?rest_route=\/wp\/v2\/posts\/303484\/revisions\/303488"}],"wp:featuredmedia":[{"embeddable":true,"href":"https:\/\/archive.sana.sy\/tr\/index.php?rest_route=\/wp\/v2\/media\/303485"}],"wp:attachment":[{"href":"https:\/\/archive.sana.sy\/tr\/index.php?rest_route=%2Fwp%2Fv2%2Fmedia&parent=303484"}],"wp:term":[{"taxonomy":"category","embeddable":true,"href":"https:\/\/archive.sana.sy\/tr\/index.php?rest_route=%2Fwp%2Fv2%2Fcategories&post=303484"},{"taxonomy":"post_tag","embeddable":true,"href":"https:\/\/archive.sana.sy\/tr\/index.php?rest_route=%2Fwp%2Fv2%2Ftags&post=303484"}],"curies":[{"name":"wp","href":"https:\/\/api.w.org\/{rel}","templated":true}]}}