{"id":303512,"date":"2024-06-14T13:38:15","date_gmt":"2024-06-14T10:38:15","guid":{"rendered":"https:\/\/sana.sy\/tr\/?p=303512"},"modified":"2024-06-18T12:14:35","modified_gmt":"2024-06-18T09:14:35","slug":"suriye-ile-cek-cumhuriyeti-arasinda-icme-suyu-ile-ilgili-isbirligi-protokolu-imzalandi","status":"publish","type":"post","link":"https:\/\/archive.sana.sy\/tr\/?p=303512","title":{"rendered":"Suriye ile \u00c7ek Cumhuriyeti Aras\u0131nda \u0130\u00e7me Suyu \u0130le \u0130lgili \u0130\u015fbirli\u011fi Protokol\u00fc \u0130mzaland\u0131"},"content":{"rendered":"<p style=\"text-align: justify;\"><strong>\u015eAM (SANA) \u2013 <\/strong>Su Kaynaklar\u0131 Bakan\u0131 M\u00fch. H\u00fcseyin Mahluf, \u00c7ek Cumhuriyeti&#8217;nin \u015eam B\u00fcy\u00fckel\u00e7ili\u011fi heyetiyle, \u00f6zellikle su ar\u0131tma tesisleri alan\u0131nda iki taraf aras\u0131ndaki mevcut i\u015fbirli\u011fini ve Aqraba istasyonu gibi vatanda\u015flara i\u00e7me suyu sa\u011flama alan\u0131nda daha \u00f6nce hayata ge\u00e7irilen tesislerin olumlu etkisini ele ald\u0131.<\/p>\n<p style=\"text-align: justify;\">Bakanl\u0131k, Facebook sayfas\u0131nda d\u00fcn ak\u015fam Bakanl\u0131k binas\u0131nda ger\u00e7ekle\u015ftirilen toplant\u0131da, \u015eam \u0130\u00e7me Suyu ve Sanitasyon Genel Kurumu ile \u00c7ek taraf\u0131 aras\u0131nda \u015eam k\u0131rsal\u0131ndaki \u015eebaa kasabas\u0131 ve Duma kentinde iki adet i\u00e7me suyu ar\u0131tma tesisinin hayata ge\u00e7irilmesi i\u00e7in i\u015fbirli\u011fi protokol\u00fc imzaland\u0131\u011f\u0131n\u0131 belirtti.<\/p>\n<p style=\"text-align: justify;\">Protokol, \u015eebaa istasyonu i\u00e7in bir g\u00fcne\u015f enerjisi sisteminin uygulanmas\u0131n\u0131 ve Douma istasyonunun d\u00fczenlenmeyen bir elektrik hatt\u0131na ba\u011flanmas\u0131n\u0131, ayr\u0131ca her iki istasyonda da menhollerin a\u00e7\u0131lmas\u0131n\u0131 i\u00e7eriyor.<\/p>\n<p style=\"text-align: justify;\">Heyette \u00c7ek B\u00fcy\u00fckel\u00e7ili\u011fi Maslahatg\u00fczar\u0131, B\u00fcy\u00fckel\u00e7ilik Kalk\u0131nma \u0130\u015fbirli\u011fi Departman\u0131 Direkt\u00f6r\u00fc Peter Kac\u010di\u010dka, Ticaret ve Ekonomi Ata\u015fesi Tomas Khlopcek ve \u00e7ok say\u0131da ilgili teknisyen yer ald\u0131.<\/p>\n<p style=\"text-align: center;\"><strong><a href=\"https:\/\/t.me\/SuriyeArapHaberAjansI\">Telegram Kanal\u0131m\u0131z\u00a0<\/a>||<a href=\"https:\/\/twitter.com\/arap_ajans\">X Platformumuz\u00a0<\/a>||<a href=\"https:\/\/www.facebook.com\/SANAHaberAjansi\/\">Facebook Sayfam\u0131z<\/a><\/strong><\/p>\n","protected":false},"excerpt":{"rendered":"<p>\u015eAM (SANA) \u2013 Su Kaynaklar\u0131 Bakan\u0131 M\u00fch. H\u00fcseyin Mahluf, \u00c7ek Cumhuriyeti&#8217;nin \u015eam B\u00fcy\u00fckel\u00e7ili\u011fi heyetiyle, \u00f6zellikle su ar\u0131tma tesisleri alan\u0131nda iki taraf aras\u0131ndaki mevcut i\u015fbirli\u011fini ve Aqraba istasyonu gibi vatanda\u015flara i\u00e7me suyu sa\u011flama alan\u0131nda daha \u00f6nce hayata ge\u00e7irilen tesislerin olumlu etkisini ele ald\u0131. Bakanl\u0131k, Facebook sayfas\u0131nda d\u00fcn ak\u015fam Bakanl\u0131k binas\u0131nda ger\u00e7ekle\u015ftirilen toplant\u0131da, \u015eam \u0130\u00e7me Suyu ve &hellip;<\/p>\n","protected":false},"author":36,"featured_media":303513,"comment_status":"closed","ping_status":"closed","sticky":false,"template":"","format":"standard","meta":{"footnotes":""},"categories":[479,541,17988,538,478],"tags":[41700],"class_list":["post-303512","post","type-post","status-publish","format-standard","has-post-thumbnail","","category-haberler-yerel","category-haberler","category-son-haberler","category-yasam","category-yerel","tag-suriye-ile-avrupa-arasindaki-iliskiler"],"_links":{"self":[{"href":"https:\/\/archive.sana.sy\/tr\/index.php?rest_route=\/wp\/v2\/posts\/303512","targetHints":{"allow":["GET"]}}],"collection":[{"href":"https:\/\/archive.sana.sy\/tr\/index.php?rest_route=\/wp\/v2\/posts"}],"about":[{"href":"https:\/\/archive.sana.sy\/tr\/index.php?rest_route=\/wp\/v2\/types\/post"}],"author":[{"embeddable":true,"href":"https:\/\/archive.sana.sy\/tr\/index.php?rest_route=\/wp\/v2\/users\/36"}],"replies":[{"embeddable":true,"href":"https:\/\/archive.sana.sy\/tr\/index.php?rest_route=%2Fwp%2Fv2%2Fcomments&post=303512"}],"version-history":[{"count":2,"href":"https:\/\/archive.sana.sy\/tr\/index.php?rest_route=\/wp\/v2\/posts\/303512\/revisions"}],"predecessor-version":[{"id":303516,"href":"https:\/\/archive.sana.sy\/tr\/index.php?rest_route=\/wp\/v2\/posts\/303512\/revisions\/303516"}],"wp:featuredmedia":[{"embeddable":true,"href":"https:\/\/archive.sana.sy\/tr\/index.php?rest_route=\/wp\/v2\/media\/303513"}],"wp:attachment":[{"href":"https:\/\/archive.sana.sy\/tr\/index.php?rest_route=%2Fwp%2Fv2%2Fmedia&parent=303512"}],"wp:term":[{"taxonomy":"category","embeddable":true,"href":"https:\/\/archive.sana.sy\/tr\/index.php?rest_route=%2Fwp%2Fv2%2Fcategories&post=303512"},{"taxonomy":"post_tag","embeddable":true,"href":"https:\/\/archive.sana.sy\/tr\/index.php?rest_route=%2Fwp%2Fv2%2Ftags&post=303512"}],"curies":[{"name":"wp","href":"https:\/\/api.w.org\/{rel}","templated":true}]}}