{"id":303570,"date":"2024-06-15T13:38:35","date_gmt":"2024-06-15T10:38:35","guid":{"rendered":"https:\/\/sana.sy\/tr\/?p=303570"},"modified":"2024-06-18T12:11:48","modified_gmt":"2024-06-18T09:11:48","slug":"unrwa-gazze-seridindeki-savasin-baslangicindan-bu-yana-625-bin-filistinli-cocuk-egitimden-mahrum-kaldi","status":"publish","type":"post","link":"https:\/\/archive.sana.sy\/tr\/?p=303570","title":{"rendered":"UNRWA: Gazze \u015eeridi&#8217;ndeki Sava\u015f\u0131n Ba\u015flang\u0131c\u0131ndan Bu Yana 625 bin Filistinli \u00c7ocuk E\u011fitimden Mahrum Kald\u0131"},"content":{"rendered":"<p style=\"text-align: justify;\"><strong>CENEVRE (SANA) &#8211;<\/strong> \u00a0Birle\u015fmi\u015f Milletler Filistinli M\u00fcltecilere Yard\u0131m ve Bay\u0131nd\u0131rl\u0131k Ajans\u0131 (UNRWA), \u0130srail&#8217;in Gazze \u015eeridi&#8217;ne y\u00f6nelik devam eden sald\u0131rganl\u0131\u011f\u0131 nedeniyle 625 binden fazla Filistinli \u00e7ocu\u011fun e\u011fitimden mahrum kald\u0131\u011f\u0131n\u0131 duyurdu.<\/p>\n<p style=\"text-align: justify;\">Ajans bug\u00fcn yapt\u0131\u011f\u0131 a\u00e7\u0131klamada \u015funlar\u0131 s\u00f6yledi: \u2018\u2019Sava\u015f\u0131n ba\u015flang\u0131c\u0131ndan bu yana Gazze&#8217;de 625.000 \u00e7ocu\u011fun e\u011fitimden mahrum kalmas\u0131 nedeniyle Filistinli \u00e7ocuklar\u0131n \u00f6\u011frenime d\u00f6n\u00fc\u015flerine yard\u0131mc\u0131 olacak faaliyetlerle desteklenmesi yeterli de\u011fil. S\u00fcrekli bombalamalar nedeniyle okullar kapanmak zorunda kald\u0131.\u2019\u2019<\/p>\n<p style=\"text-align: center;\"><strong><a href=\"https:\/\/t.me\/SuriyeArapHaberAjansI\">Telegram Kanal\u0131m\u0131z\u00a0<\/a>||<a href=\"https:\/\/twitter.com\/arap_ajans\">X Platformumuz\u00a0<\/a>||<a href=\"https:\/\/www.facebook.com\/SANAHaberAjansi\/\">Facebook Sayfam\u0131z<\/a><\/strong><\/p>\n","protected":false},"excerpt":{"rendered":"<p>CENEVRE (SANA) &#8211; \u00a0Birle\u015fmi\u015f Milletler Filistinli M\u00fcltecilere Yard\u0131m ve Bay\u0131nd\u0131rl\u0131k Ajans\u0131 (UNRWA), \u0130srail&#8217;in Gazze \u015eeridi&#8217;ne y\u00f6nelik devam eden sald\u0131rganl\u0131\u011f\u0131 nedeniyle 625 binden fazla Filistinli \u00e7ocu\u011fun e\u011fitimden mahrum kald\u0131\u011f\u0131n\u0131 duyurdu. Ajans bug\u00fcn yapt\u0131\u011f\u0131 a\u00e7\u0131klamada \u015funlar\u0131 s\u00f6yledi: \u2018\u2019Sava\u015f\u0131n ba\u015flang\u0131c\u0131ndan bu yana Gazze&#8217;de 625.000 \u00e7ocu\u011fun e\u011fitimden mahrum kalmas\u0131 nedeniyle Filistinli \u00e7ocuklar\u0131n \u00f6\u011frenime d\u00f6n\u00fc\u015flerine yard\u0131mc\u0131 olacak faaliyetlerle desteklenmesi yeterli &hellip;<\/p>\n","protected":false},"author":41,"featured_media":303571,"comment_status":"closed","ping_status":"closed","sticky":false,"template":"","format":"standard","meta":{"footnotes":""},"categories":[458,459,17988],"tags":[41713],"class_list":["post-303570","post","type-post","status-publish","format-standard","has-post-thumbnail","","category-dunya1","category-haberler-arap-uluslararasi-politika","category-son-haberler","tag-unrwa-gazze-seridindeki-savasin-baslangicindan-bu-yana-625-bin-filistinli-cocuk-egitimden-mahrum-kaldi"],"_links":{"self":[{"href":"https:\/\/archive.sana.sy\/tr\/index.php?rest_route=\/wp\/v2\/posts\/303570","targetHints":{"allow":["GET"]}}],"collection":[{"href":"https:\/\/archive.sana.sy\/tr\/index.php?rest_route=\/wp\/v2\/posts"}],"about":[{"href":"https:\/\/archive.sana.sy\/tr\/index.php?rest_route=\/wp\/v2\/types\/post"}],"author":[{"embeddable":true,"href":"https:\/\/archive.sana.sy\/tr\/index.php?rest_route=\/wp\/v2\/users\/41"}],"replies":[{"embeddable":true,"href":"https:\/\/archive.sana.sy\/tr\/index.php?rest_route=%2Fwp%2Fv2%2Fcomments&post=303570"}],"version-history":[{"count":1,"href":"https:\/\/archive.sana.sy\/tr\/index.php?rest_route=\/wp\/v2\/posts\/303570\/revisions"}],"predecessor-version":[{"id":303572,"href":"https:\/\/archive.sana.sy\/tr\/index.php?rest_route=\/wp\/v2\/posts\/303570\/revisions\/303572"}],"wp:featuredmedia":[{"embeddable":true,"href":"https:\/\/archive.sana.sy\/tr\/index.php?rest_route=\/wp\/v2\/media\/303571"}],"wp:attachment":[{"href":"https:\/\/archive.sana.sy\/tr\/index.php?rest_route=%2Fwp%2Fv2%2Fmedia&parent=303570"}],"wp:term":[{"taxonomy":"category","embeddable":true,"href":"https:\/\/archive.sana.sy\/tr\/index.php?rest_route=%2Fwp%2Fv2%2Fcategories&post=303570"},{"taxonomy":"post_tag","embeddable":true,"href":"https:\/\/archive.sana.sy\/tr\/index.php?rest_route=%2Fwp%2Fv2%2Ftags&post=303570"}],"curies":[{"name":"wp","href":"https:\/\/api.w.org\/{rel}","templated":true}]}}