{"id":303574,"date":"2024-06-15T14:05:20","date_gmt":"2024-06-15T11:05:20","guid":{"rendered":"https:\/\/sana.sy\/tr\/?p=303574"},"modified":"2024-06-18T12:11:53","modified_gmt":"2024-06-18T09:11:53","slug":"yetkili-makamlar-komsu-ulkeye-kacirilmak-uzere-buyuk-miktarda-captagon-ele-gecirdi","status":"publish","type":"post","link":"https:\/\/archive.sana.sy\/tr\/?p=303574","title":{"rendered":"Yetkili Makamlar Kom\u015fu \u00dclkeye Ka\u00e7\u0131r\u0131lmak \u00dczere B\u00fcy\u00fck Miktarda Captagon Ele Ge\u00e7irdi"},"content":{"rendered":"<p style=\"text-align: justify;\"><strong>PALM\u0130RA (SANA)<\/strong> &#8211; Bug\u00fcn Palmira&#8217;da yetkili g\u00fcvenlik birimleri, ter\u00f6r \u00f6rg\u00fctlerinin kom\u015fu \u00fclkeye ka\u00e7\u0131r\u0131lmak \u00fczere haz\u0131rlad\u0131\u011f\u0131 b\u00fcy\u00fck miktarda narkotik hap (Captagon) ele ge\u00e7irdi.<\/p>\n<p style=\"text-align: justify;\">Bir g\u00fcvenlik kayna\u011f\u0131 SANA muhabirine yapt\u0131\u011f\u0131 a\u00e7\u0131klamada,\u00a0&#8220;\u00c7\u00f6l b\u00f6lgesindeki ter\u00f6r hareketlerinin g\u00fcvenlik takibi ve dikkatle izlenmesi yoluyla, Amerikan kuvvetleri taraf\u0131ndan i\u015fgal edilen 55. B\u00f6lgede bulunan di\u011fer ter\u00f6rist gruplarla koordineli olarak El Tanf b\u00f6lgesi \u00fczerinden kom\u015fu \u00fclkelerden birine ka\u00e7\u0131r\u0131lma giri\u015fimi s\u0131ras\u0131nda b\u00fcy\u00fck miktarda narkotik Captagon hap\u0131na el konuldu\u201d dedi.<\/p>\n<p style=\"text-align: justify;\">Kaynak, yetkili makamlar\u0131n ter\u00f6r \u00f6rg\u00fctlerinin kal\u0131nt\u0131lar\u0131n\u0131 takip etme konusunda g\u00f6revlerini s\u00fcrd\u00fcreceklerini ve bu \u00f6rg\u00fctlerin i\u015fledi\u011fi su\u00e7 eylemlerini engellemek i\u00e7in vatan\u0131n ve vatanda\u015f\u0131n g\u00fcvenli\u011fini g\u00f6zeteceklerini vurgulad\u0131.<\/p>\n<p style=\"text-align: justify;\">Bas\u0131nda \u00e7\u0131kan benzer raporlarda, Amerikan i\u015fgaline ba\u011fl\u0131 e\u011fitmenlerin ter\u00f6rist gruplar i\u00e7in RPG ve omuzdan at\u0131lan f\u00fczelerin kullan\u0131m\u0131 konusunda kapsaml\u0131 e\u011fitimler verdi\u011fi son iki y\u0131lda birden fazla kez belirtilmi\u015ftir.<\/p>\n<p style=\"text-align: justify;\">Raporlar ayr\u0131ca, bu gruplar aras\u0131nda, Suriye Arap Ordusu&#8217;nun b\u00f6lgelerine, hayati tesislerine ve Suriye \u00c7\u00f6l\u00fc&#8217;n\u00fcn derinliklerindeki n\u00fcfus merkezlerine sald\u0131r\u0131lar d\u00fczenlemek \u00fczere Palmira \u00c7\u00f6l\u00fc&#8217;ne nakledilmeden \u00f6nce I\u015e\u0130D&#8217;e ba\u011fl\u0131 ter\u00f6ristlerin de bulundu\u011funu do\u011frulam\u0131\u015ft\u0131.<\/p>\n<p style=\"text-align: justify;\">Raporlara g\u00f6re, onlar\u0131n as\u0131l amac\u0131, \u00e7e\u015fitli miktarlarda narkotik maddenin kom\u015fu \u00fclkelere ka\u00e7\u0131r\u0131lmas\u0131 i\u00e7in yasad\u0131\u015f\u0131 s\u0131n\u0131r \u00f6tesi koridorlar olu\u015fturmakt\u0131r.<\/p>\n<div id='gallery-1' class='gallery galleryid-303574 gallery-columns-2 gallery-size-medium'><figure class='gallery-item'>\n\t\t\t<div class='gallery-icon landscape'>\n\t\t\t\t<a href='https:\/\/archive.sana.sy\/tr\/?attachment_id=303576'><img loading=\"lazy\" decoding=\"async\" width=\"300\" height=\"168\" src=\"https:\/\/archive.sana.sy\/tr\/wp-content\/uploads\/2024\/06\/photo_2024-06-15_13-20-53-3-300x168.jpg\" class=\"attachment-medium size-medium\" alt=\"\" srcset=\"https:\/\/archive.sana.sy\/tr\/wp-content\/uploads\/2024\/06\/photo_2024-06-15_13-20-53-3-300x168.jpg 300w, https:\/\/archive.sana.sy\/tr\/wp-content\/uploads\/2024\/06\/photo_2024-06-15_13-20-53-3-1024x573.jpg 1024w, https:\/\/archive.sana.sy\/tr\/wp-content\/uploads\/2024\/06\/photo_2024-06-15_13-20-53-3-768x430.jpg 768w, https:\/\/archive.sana.sy\/tr\/wp-content\/uploads\/2024\/06\/photo_2024-06-15_13-20-53-3.jpg 1280w\" sizes=\"auto, (max-width: 300px) 100vw, 300px\" \/><\/a>\n\t\t\t<\/div><\/figure><figure class='gallery-item'>\n\t\t\t<div class='gallery-icon landscape'>\n\t\t\t\t<a href='https:\/\/archive.sana.sy\/tr\/?attachment_id=303577'><img loading=\"lazy\" decoding=\"async\" width=\"300\" height=\"168\" src=\"https:\/\/archive.sana.sy\/tr\/wp-content\/uploads\/2024\/06\/photo_2024-06-15_13-20-53-300x168.jpg\" class=\"attachment-medium size-medium\" alt=\"\" srcset=\"https:\/\/archive.sana.sy\/tr\/wp-content\/uploads\/2024\/06\/photo_2024-06-15_13-20-53-300x168.jpg 300w, https:\/\/archive.sana.sy\/tr\/wp-content\/uploads\/2024\/06\/photo_2024-06-15_13-20-53-1024x573.jpg 1024w, https:\/\/archive.sana.sy\/tr\/wp-content\/uploads\/2024\/06\/photo_2024-06-15_13-20-53-768x430.jpg 768w, https:\/\/archive.sana.sy\/tr\/wp-content\/uploads\/2024\/06\/photo_2024-06-15_13-20-53.jpg 1280w\" sizes=\"auto, (max-width: 300px) 100vw, 300px\" \/><\/a>\n\t\t\t<\/div><\/figure>\n\t\t<\/div>\n\n<p style=\"text-align: center;\"><strong><a href=\"https:\/\/t.me\/SuriyeArapHaberAjansI\">Telegram Kanal\u0131m\u0131z\u00a0<\/a>||<a href=\"https:\/\/twitter.com\/arap_ajans\">X Platformumuz\u00a0<\/a>||<a href=\"https:\/\/www.facebook.com\/SANAHaberAjansi\/\">Facebook Sayfam\u0131z<\/a><\/strong><\/p>\n","protected":false},"excerpt":{"rendered":"<p>PALM\u0130RA (SANA) &#8211; Bug\u00fcn Palmira&#8217;da yetkili g\u00fcvenlik birimleri, ter\u00f6r \u00f6rg\u00fctlerinin kom\u015fu \u00fclkeye ka\u00e7\u0131r\u0131lmak \u00fczere haz\u0131rlad\u0131\u011f\u0131 b\u00fcy\u00fck miktarda narkotik hap (Captagon) ele ge\u00e7irdi. Bir g\u00fcvenlik kayna\u011f\u0131 SANA muhabirine yapt\u0131\u011f\u0131 a\u00e7\u0131klamada,\u00a0&#8220;\u00c7\u00f6l b\u00f6lgesindeki ter\u00f6r hareketlerinin g\u00fcvenlik takibi ve dikkatle izlenmesi yoluyla, Amerikan kuvvetleri taraf\u0131ndan i\u015fgal edilen 55. B\u00f6lgede bulunan di\u011fer ter\u00f6rist gruplarla koordineli olarak El Tanf b\u00f6lgesi \u00fczerinden &hellip;<\/p>\n","protected":false},"author":41,"featured_media":303575,"comment_status":"closed","ping_status":"closed","sticky":false,"template":"","format":"standard","meta":{"footnotes":""},"categories":[479,575,17988,478],"tags":[],"class_list":["post-303574","post","type-post","status-publish","format-standard","has-post-thumbnail","","category-haberler-yerel","category-olaylar-ve-gercekler","category-son-haberler","category-yerel"],"_links":{"self":[{"href":"https:\/\/archive.sana.sy\/tr\/index.php?rest_route=\/wp\/v2\/posts\/303574","targetHints":{"allow":["GET"]}}],"collection":[{"href":"https:\/\/archive.sana.sy\/tr\/index.php?rest_route=\/wp\/v2\/posts"}],"about":[{"href":"https:\/\/archive.sana.sy\/tr\/index.php?rest_route=\/wp\/v2\/types\/post"}],"author":[{"embeddable":true,"href":"https:\/\/archive.sana.sy\/tr\/index.php?rest_route=\/wp\/v2\/users\/41"}],"replies":[{"embeddable":true,"href":"https:\/\/archive.sana.sy\/tr\/index.php?rest_route=%2Fwp%2Fv2%2Fcomments&post=303574"}],"version-history":[{"count":6,"href":"https:\/\/archive.sana.sy\/tr\/index.php?rest_route=\/wp\/v2\/posts\/303574\/revisions"}],"predecessor-version":[{"id":303605,"href":"https:\/\/archive.sana.sy\/tr\/index.php?rest_route=\/wp\/v2\/posts\/303574\/revisions\/303605"}],"wp:featuredmedia":[{"embeddable":true,"href":"https:\/\/archive.sana.sy\/tr\/index.php?rest_route=\/wp\/v2\/media\/303575"}],"wp:attachment":[{"href":"https:\/\/archive.sana.sy\/tr\/index.php?rest_route=%2Fwp%2Fv2%2Fmedia&parent=303574"}],"wp:term":[{"taxonomy":"category","embeddable":true,"href":"https:\/\/archive.sana.sy\/tr\/index.php?rest_route=%2Fwp%2Fv2%2Fcategories&post=303574"},{"taxonomy":"post_tag","embeddable":true,"href":"https:\/\/archive.sana.sy\/tr\/index.php?rest_route=%2Fwp%2Fv2%2Ftags&post=303574"}],"curies":[{"name":"wp","href":"https:\/\/api.w.org\/{rel}","templated":true}]}}