{"id":303586,"date":"2024-06-15T15:58:20","date_gmt":"2024-06-15T12:58:20","guid":{"rendered":"https:\/\/sana.sy\/tr\/?p=303586"},"modified":"2024-06-18T12:11:59","modified_gmt":"2024-06-18T09:11:59","slug":"cek-gezgin-suriye-muhtesem-bir-tarihe-sahip-guzel-bir-ulkedir","status":"publish","type":"post","link":"https:\/\/archive.sana.sy\/tr\/?p=303586","title":{"rendered":"\u00c7ek Gezgin: Suriye Muhte\u015fem Bir Tarihe Sahip G\u00fczel Bir \u00dclkedir"},"content":{"rendered":"<p style=\"text-align: justify;\"><strong>BRAG (SANA)<\/strong> &#8211; \u00a0Tan\u0131nm\u0131\u015f \u00c7ek gezgin Ondrzej Havelka, Suriye&#8217;yi, insanl\u0131\u011f\u0131n k\u00fclt\u00fcrel tarihinin ba\u015flang\u0131c\u0131na kadar uzanan muhte\u015fem bir tarihe sahip g\u00fczel bir \u00fclke olarak tan\u0131mlad\u0131.<\/p>\n<p style=\"text-align: justify;\"><img loading=\"lazy\" decoding=\"async\" class=\"size-full wp-image-303588 alignright\" src=\"http:\/\/sana.sy\/tr\/wp-content\/uploads\/2024\/06\/photo_2024-06-15_15-09-17-266x300-1.jpg\" alt=\"\" width=\"266\" height=\"300\" \/>Havelka, Slovak Smi gazetesinin internet sitesinde bug\u00fcn yay\u0131nlanan ve Suriye&#8217;deki arkeolojik, dini ve turistik mekanlar\u0131n 21 renkli foto\u011fraf\u0131n\u0131n yer ald\u0131\u011f\u0131 yeni bir raporda \u015funlar\u0131 s\u00f6yledi: &#8220;Suriye e\u015fsiz arkeolojik an\u0131tlarla dolu, Suriyeliler ise misafirperverlikleri ile \u00f6ne \u00e7\u0131k\u0131yor ve bu nedenle Orta Do\u011fu \u00fclkeleri aras\u0131nda ziyaret ve turizm i\u00e7in tercih edilen \u00fclkelerden biri.&#8221;<\/p>\n<p style=\"text-align: justify;\">Havelka, \u015eam&#8217;\u0131n d\u00fcnyan\u0131n en b\u00fcy\u00fck ve en eski \u015fehirlerinden biri olarak kabul edildi\u011fini, Halep&#8217;in d\u00fcnyan\u0131n en eski ve k\u00fclt\u00fcrel a\u00e7\u0131dan en zengin \u015fehirlerinden biri oldu\u011funu, Suriye k\u0131rsal\u0131n\u0131n ise pitoresk do\u011fas\u0131yla karakterize edildi\u011fini belirterek, El H\u0131s\u0131n Kalesi, Palmira&#8217;daki ebedi arkeolojik an\u0131tlara, Hama&#8217;n\u0131n su \u00e7arklar\u0131na, Emevi Camii&#8217;ne ve Maaloula&#8217;ya i\u015faret etti.<\/p>\n<p style=\"text-align: justify;\">Birka\u00e7 hafta \u00f6nce Havelka, Suriye ziyaretiyle ilgili benzer bir video r\u00f6portaj\u0131 \u00c7ekya&#8217;n\u0131n en \u00e7ok dola\u015fan internet sitesi Cesnam&#8217;da yay\u0131nlam\u0131\u015ft\u0131; burada Suriye&#8217;den, onun tarihinden ve kadim uygarl\u0131\u011f\u0131ndan bahsetmi\u015fti.<\/p>\n<div id='gallery-1' class='gallery galleryid-303586 gallery-columns-1 gallery-size-full'><figure class='gallery-item'>\n\t\t\t<div class='gallery-icon landscape'>\n\t\t\t\t<a href='https:\/\/archive.sana.sy\/tr\/?attachment_id=303589'><img loading=\"lazy\" decoding=\"async\" width=\"660\" height=\"330\" src=\"https:\/\/archive.sana.sy\/tr\/wp-content\/uploads\/2024\/06\/11.jpg\" class=\"attachment-full size-full\" alt=\"\" srcset=\"https:\/\/archive.sana.sy\/tr\/wp-content\/uploads\/2024\/06\/11.jpg 660w, https:\/\/archive.sana.sy\/tr\/wp-content\/uploads\/2024\/06\/11-300x150.jpg 300w\" sizes=\"auto, (max-width: 660px) 100vw, 660px\" \/><\/a>\n\t\t\t<\/div><\/figure><figure class='gallery-item'>\n\t\t\t<div class='gallery-icon portrait'>\n\t\t\t\t<a href='https:\/\/archive.sana.sy\/tr\/?attachment_id=303590'><img loading=\"lazy\" decoding=\"async\" width=\"720\" height=\"960\" src=\"https:\/\/archive.sana.sy\/tr\/wp-content\/uploads\/2024\/06\/10.jpg\" class=\"attachment-full size-full\" alt=\"\" srcset=\"https:\/\/archive.sana.sy\/tr\/wp-content\/uploads\/2024\/06\/10.jpg 720w, https:\/\/archive.sana.sy\/tr\/wp-content\/uploads\/2024\/06\/10-225x300.jpg 225w\" sizes=\"auto, (max-width: 720px) 100vw, 720px\" \/><\/a>\n\t\t\t<\/div><\/figure><figure class='gallery-item'>\n\t\t\t<div class='gallery-icon landscape'>\n\t\t\t\t<a href='https:\/\/archive.sana.sy\/tr\/?attachment_id=303591'><img loading=\"lazy\" decoding=\"async\" width=\"660\" height=\"370\" src=\"https:\/\/archive.sana.sy\/tr\/wp-content\/uploads\/2024\/06\/8.jpg\" class=\"attachment-full size-full\" alt=\"\" srcset=\"https:\/\/archive.sana.sy\/tr\/wp-content\/uploads\/2024\/06\/8.jpg 660w, https:\/\/archive.sana.sy\/tr\/wp-content\/uploads\/2024\/06\/8-300x168.jpg 300w\" sizes=\"auto, (max-width: 660px) 100vw, 660px\" \/><\/a>\n\t\t\t<\/div><\/figure><figure class='gallery-item'>\n\t\t\t<div class='gallery-icon landscape'>\n\t\t\t\t<a href='https:\/\/archive.sana.sy\/tr\/?attachment_id=303592'><img loading=\"lazy\" decoding=\"async\" width=\"660\" height=\"371\" src=\"https:\/\/archive.sana.sy\/tr\/wp-content\/uploads\/2024\/06\/7.jpg\" class=\"attachment-full size-full\" alt=\"\" srcset=\"https:\/\/archive.sana.sy\/tr\/wp-content\/uploads\/2024\/06\/7.jpg 660w, https:\/\/archive.sana.sy\/tr\/wp-content\/uploads\/2024\/06\/7-300x169.jpg 300w\" sizes=\"auto, (max-width: 660px) 100vw, 660px\" \/><\/a>\n\t\t\t<\/div><\/figure><figure class='gallery-item'>\n\t\t\t<div class='gallery-icon landscape'>\n\t\t\t\t<a href='https:\/\/archive.sana.sy\/tr\/?attachment_id=303593'><img loading=\"lazy\" decoding=\"async\" width=\"1024\" height=\"768\" src=\"https:\/\/archive.sana.sy\/tr\/wp-content\/uploads\/2024\/06\/6-1.jpg\" class=\"attachment-full size-full\" alt=\"\" srcset=\"https:\/\/archive.sana.sy\/tr\/wp-content\/uploads\/2024\/06\/6-1.jpg 1024w, https:\/\/archive.sana.sy\/tr\/wp-content\/uploads\/2024\/06\/6-1-300x225.jpg 300w, https:\/\/archive.sana.sy\/tr\/wp-content\/uploads\/2024\/06\/6-1-768x576.jpg 768w\" sizes=\"auto, (max-width: 1024px) 100vw, 1024px\" \/><\/a>\n\t\t\t<\/div><\/figure><figure class='gallery-item'>\n\t\t\t<div class='gallery-icon landscape'>\n\t\t\t\t<a href='https:\/\/archive.sana.sy\/tr\/?attachment_id=303594'><img loading=\"lazy\" decoding=\"async\" width=\"720\" height=\"540\" src=\"https:\/\/archive.sana.sy\/tr\/wp-content\/uploads\/2024\/06\/5-2.jpg\" class=\"attachment-full size-full\" alt=\"\" srcset=\"https:\/\/archive.sana.sy\/tr\/wp-content\/uploads\/2024\/06\/5-2.jpg 720w, https:\/\/archive.sana.sy\/tr\/wp-content\/uploads\/2024\/06\/5-2-300x225.jpg 300w\" sizes=\"auto, (max-width: 720px) 100vw, 720px\" \/><\/a>\n\t\t\t<\/div><\/figure><figure class='gallery-item'>\n\t\t\t<div class='gallery-icon landscape'>\n\t\t\t\t<a href='https:\/\/archive.sana.sy\/tr\/?attachment_id=303595'><img loading=\"lazy\" decoding=\"async\" width=\"660\" height=\"440\" src=\"https:\/\/archive.sana.sy\/tr\/wp-content\/uploads\/2024\/06\/4-5.jpg\" class=\"attachment-full size-full\" alt=\"\" srcset=\"https:\/\/archive.sana.sy\/tr\/wp-content\/uploads\/2024\/06\/4-5.jpg 660w, https:\/\/archive.sana.sy\/tr\/wp-content\/uploads\/2024\/06\/4-5-300x200.jpg 300w\" sizes=\"auto, (max-width: 660px) 100vw, 660px\" \/><\/a>\n\t\t\t<\/div><\/figure><figure class='gallery-item'>\n\t\t\t<div class='gallery-icon portrait'>\n\t\t\t\t<a href='https:\/\/archive.sana.sy\/tr\/?attachment_id=303596'><img loading=\"lazy\" decoding=\"async\" width=\"768\" height=\"909\" src=\"https:\/\/archive.sana.sy\/tr\/wp-content\/uploads\/2024\/06\/3-12.jpg\" class=\"attachment-full size-full\" alt=\"\" srcset=\"https:\/\/archive.sana.sy\/tr\/wp-content\/uploads\/2024\/06\/3-12.jpg 768w, https:\/\/archive.sana.sy\/tr\/wp-content\/uploads\/2024\/06\/3-12-253x300.jpg 253w\" sizes=\"auto, (max-width: 768px) 100vw, 768px\" \/><\/a>\n\t\t\t<\/div><\/figure><figure class='gallery-item'>\n\t\t\t<div class='gallery-icon landscape'>\n\t\t\t\t<a href='https:\/\/archive.sana.sy\/tr\/?attachment_id=303597'><img loading=\"lazy\" decoding=\"async\" width=\"960\" height=\"884\" src=\"https:\/\/archive.sana.sy\/tr\/wp-content\/uploads\/2024\/06\/2-17.jpg\" class=\"attachment-full size-full\" alt=\"\" srcset=\"https:\/\/archive.sana.sy\/tr\/wp-content\/uploads\/2024\/06\/2-17.jpg 960w, https:\/\/archive.sana.sy\/tr\/wp-content\/uploads\/2024\/06\/2-17-300x276.jpg 300w, https:\/\/archive.sana.sy\/tr\/wp-content\/uploads\/2024\/06\/2-17-768x707.jpg 768w\" sizes=\"auto, (max-width: 960px) 100vw, 960px\" \/><\/a>\n\t\t\t<\/div><\/figure><figure class='gallery-item'>\n\t\t\t<div class='gallery-icon landscape'>\n\t\t\t\t<a href='https:\/\/archive.sana.sy\/tr\/?attachment_id=303598'><img loading=\"lazy\" decoding=\"async\" width=\"660\" height=\"330\" src=\"https:\/\/archive.sana.sy\/tr\/wp-content\/uploads\/2024\/06\/1-18.jpg\" class=\"attachment-full size-full\" alt=\"\" srcset=\"https:\/\/archive.sana.sy\/tr\/wp-content\/uploads\/2024\/06\/1-18.jpg 660w, https:\/\/archive.sana.sy\/tr\/wp-content\/uploads\/2024\/06\/1-18-300x150.jpg 300w\" sizes=\"auto, (max-width: 660px) 100vw, 660px\" \/><\/a>\n\t\t\t<\/div><\/figure>\n\t\t<\/div>\n\n<p style=\"text-align: center;\"><strong><a href=\"https:\/\/t.me\/SuriyeArapHaberAjansI\">Telegram Kanal\u0131m\u0131z\u00a0<\/a><span style=\"color: #ff0000;\">||<\/span><a href=\"https:\/\/twitter.com\/arap_ajans\">X Platformumuz<span style=\"color: #ff0000;\">\u00a0<\/span><\/a><span style=\"color: #ff0000;\">||<\/span><a href=\"https:\/\/www.facebook.com\/SANAHaberAjansi\/\">Facebook Sayfam\u0131z<\/a><\/strong><\/p>\n","protected":false},"excerpt":{"rendered":"<p>BRAG (SANA) &#8211; \u00a0Tan\u0131nm\u0131\u015f \u00c7ek gezgin Ondrzej Havelka, Suriye&#8217;yi, insanl\u0131\u011f\u0131n k\u00fclt\u00fcrel tarihinin ba\u015flang\u0131c\u0131na kadar uzanan muhte\u015fem bir tarihe sahip g\u00fczel bir \u00fclke olarak tan\u0131mlad\u0131. Havelka, Slovak Smi gazetesinin internet sitesinde bug\u00fcn yay\u0131nlanan ve Suriye&#8217;deki arkeolojik, dini ve turistik mekanlar\u0131n 21 renkli foto\u011fraf\u0131n\u0131n yer ald\u0131\u011f\u0131 yeni bir raporda \u015funlar\u0131 s\u00f6yledi: &#8220;Suriye e\u015fsiz arkeolojik an\u0131tlarla dolu, Suriyeliler &hellip;<\/p>\n","protected":false},"author":41,"featured_media":303587,"comment_status":"closed","ping_status":"closed","sticky":false,"template":"","format":"standard","meta":{"footnotes":""},"categories":[458,596,526,459,17988,525,2553],"tags":[],"class_list":["post-303586","post","type-post","status-publish","format-standard","has-post-thumbnail","","category-dunya1","category-fotografli-raporlar","category-haber-ve-raporlar","category-haberler-arap-uluslararasi-politika","category-son-haberler","category-toplum","category-turizm"],"_links":{"self":[{"href":"https:\/\/archive.sana.sy\/tr\/index.php?rest_route=\/wp\/v2\/posts\/303586","targetHints":{"allow":["GET"]}}],"collection":[{"href":"https:\/\/archive.sana.sy\/tr\/index.php?rest_route=\/wp\/v2\/posts"}],"about":[{"href":"https:\/\/archive.sana.sy\/tr\/index.php?rest_route=\/wp\/v2\/types\/post"}],"author":[{"embeddable":true,"href":"https:\/\/archive.sana.sy\/tr\/index.php?rest_route=\/wp\/v2\/users\/41"}],"replies":[{"embeddable":true,"href":"https:\/\/archive.sana.sy\/tr\/index.php?rest_route=%2Fwp%2Fv2%2Fcomments&post=303586"}],"version-history":[{"count":1,"href":"https:\/\/archive.sana.sy\/tr\/index.php?rest_route=\/wp\/v2\/posts\/303586\/revisions"}],"predecessor-version":[{"id":303599,"href":"https:\/\/archive.sana.sy\/tr\/index.php?rest_route=\/wp\/v2\/posts\/303586\/revisions\/303599"}],"wp:featuredmedia":[{"embeddable":true,"href":"https:\/\/archive.sana.sy\/tr\/index.php?rest_route=\/wp\/v2\/media\/303587"}],"wp:attachment":[{"href":"https:\/\/archive.sana.sy\/tr\/index.php?rest_route=%2Fwp%2Fv2%2Fmedia&parent=303586"}],"wp:term":[{"taxonomy":"category","embeddable":true,"href":"https:\/\/archive.sana.sy\/tr\/index.php?rest_route=%2Fwp%2Fv2%2Fcategories&post=303586"},{"taxonomy":"post_tag","embeddable":true,"href":"https:\/\/archive.sana.sy\/tr\/index.php?rest_route=%2Fwp%2Fv2%2Ftags&post=303586"}],"curies":[{"name":"wp","href":"https:\/\/api.w.org\/{rel}","templated":true}]}}