{"id":303608,"date":"2024-06-15T18:55:45","date_gmt":"2024-06-15T15:55:45","guid":{"rendered":"https:\/\/sana.sy\/tr\/?p=303608"},"modified":"2024-06-18T12:12:02","modified_gmt":"2024-06-18T09:12:02","slug":"bm-gazze-seridindeki-50-000-cocugun-akut-yetersiz-beslenme-nedeniyle-tedaviye-ihtiyaci-vardir","status":"publish","type":"post","link":"https:\/\/archive.sana.sy\/tr\/?p=303608","title":{"rendered":"BM: Gazze \u015eeridi&#8217;ndeki 50.000 \u00c7ocu\u011fun Akut Yetersiz Beslenme Nedeniyle Tedaviye \u0130htiyac\u0131 Vard\u0131r"},"content":{"rendered":"<p style=\"text-align: justify;\"><strong>NEW YORK (SANA)<\/strong> &#8211; Birle\u015fmi\u015f Milletler Filistinli M\u00fcltecilere Yard\u0131m ve Bay\u0131nd\u0131rl\u0131k Ajans\u0131 (UNRWA), Gazze \u015eeridi&#8217;nde 50.000&#8217;den fazla \u00e7ocu\u011fun devam eden \u0130srail sald\u0131rganl\u0131\u011f\u0131 nedeniyle akut yetersiz beslenme nedeniyle tedaviye ihtiyac\u0131 oldu\u011funu vurgulad\u0131.<\/p>\n<p style=\"text-align: justify;\">Filistin Wafa Ajans\u0131&#8217;na g\u00f6re UNRWA bug\u00fcn X platformunda, &#8220;Yard\u0131m k\u0131s\u0131tlamalar\u0131n\u0131n devam etmesiyle Gazzeliler umutsuz d\u00fczeyde a\u00e7l\u0131kla kar\u015f\u0131 kar\u015f\u0131ya kalmaya devam ediyor\u2019\u2019 \u00a0diyerek, ekiplerinin ailelere yard\u0131m ula\u015ft\u0131rmak i\u00e7in yorulmadan \u00e7al\u0131\u015ft\u0131klar\u0131n\u0131 ancak durumun felaket oldu\u011funu kaydetti.<\/p>\n<p style=\"text-align: justify;\">Buna kar\u015f\u0131l\u0131k, Birle\u015fmi\u015f Milletler \u00c7ocuklara Yard\u0131m Fonu (UNICEF) s\u00f6zc\u00fcs\u00fc James Elder, Gazze&#8217;deki durumun, artan s\u0131caklar ve ailelerin kumlar\u0131n \u00fczerinde \u00e7ad\u0131rlara toplanmas\u0131 nedeniyle \u00e7ocuklar a\u00e7\u0131s\u0131ndan her ge\u00e7en g\u00fcn daha da k\u00f6t\u00fcle\u015fti\u011fini do\u011frularken, \u00a0\u00a0\u0130srail&#8217;in bombalamas\u0131 nedeniyle Gazze \u015eeridi&#8217;ndeki \u00e7ocuklar\u0131n s\u00fcrekli ter\u00f6r i\u00e7inde ya\u015famas\u0131n\u0131n normal olmad\u0131\u011f\u0131na dikkat \u00e7ekti.<\/p>\n<p style=\"text-align: justify;\">Birle\u015fmi\u015f Milletler \u00c7ocuklara Yard\u0131m Fonu UNICEF iki g\u00fcn \u00f6nce, yetersiz beslenmeden muzdarip yakla\u015f\u0131k 3.000 \u00e7ocu\u011fun, \u0130srail&#8217;in sald\u0131rganl\u0131\u011f\u0131 sonucunda gerekli tedaviden mahrum b\u0131rak\u0131lmalar\u0131 nedeniyle \u00f6l\u00fcm riskiyle kar\u015f\u0131 kar\u015f\u0131ya oldu\u011fu konusunda uyarm\u0131\u015ft\u0131.<\/p>\n<p style=\"text-align: center;\"><strong><a href=\"https:\/\/t.me\/SuriyeArapHaberAjansI\">Telegram Kanal\u0131m\u0131z\u00a0<\/a>||<a href=\"https:\/\/twitter.com\/arap_ajans\">X Platformumuz\u00a0<\/a>||<a href=\"https:\/\/www.facebook.com\/SANAHaberAjansi\/\">Facebook Sayfam\u0131z<\/a><\/strong><\/p>\n","protected":false},"excerpt":{"rendered":"<p>NEW YORK (SANA) &#8211; Birle\u015fmi\u015f Milletler Filistinli M\u00fcltecilere Yard\u0131m ve Bay\u0131nd\u0131rl\u0131k Ajans\u0131 (UNRWA), Gazze \u015eeridi&#8217;nde 50.000&#8217;den fazla \u00e7ocu\u011fun devam eden \u0130srail sald\u0131rganl\u0131\u011f\u0131 nedeniyle akut yetersiz beslenme nedeniyle tedaviye ihtiyac\u0131 oldu\u011funu vurgulad\u0131. Filistin Wafa Ajans\u0131&#8217;na g\u00f6re UNRWA bug\u00fcn X platformunda, &#8220;Yard\u0131m k\u0131s\u0131tlamalar\u0131n\u0131n devam etmesiyle Gazzeliler umutsuz d\u00fczeyde a\u00e7l\u0131kla kar\u015f\u0131 kar\u015f\u0131ya kalmaya devam ediyor\u2019\u2019 \u00a0diyerek, ekiplerinin ailelere &hellip;<\/p>\n","protected":false},"author":41,"featured_media":303609,"comment_status":"closed","ping_status":"closed","sticky":false,"template":"","format":"standard","meta":{"footnotes":""},"categories":[458,459,17988],"tags":[41717],"class_list":["post-303608","post","type-post","status-publish","format-standard","has-post-thumbnail","","category-dunya1","category-haberler-arap-uluslararasi-politika","category-son-haberler","tag-bm-gazze-seridindeki-50-000-cocugun-akut-yetersiz-beslenme-nedeniyle-tedaviye-ihtiyaci-vardir"],"_links":{"self":[{"href":"https:\/\/archive.sana.sy\/tr\/index.php?rest_route=\/wp\/v2\/posts\/303608","targetHints":{"allow":["GET"]}}],"collection":[{"href":"https:\/\/archive.sana.sy\/tr\/index.php?rest_route=\/wp\/v2\/posts"}],"about":[{"href":"https:\/\/archive.sana.sy\/tr\/index.php?rest_route=\/wp\/v2\/types\/post"}],"author":[{"embeddable":true,"href":"https:\/\/archive.sana.sy\/tr\/index.php?rest_route=\/wp\/v2\/users\/41"}],"replies":[{"embeddable":true,"href":"https:\/\/archive.sana.sy\/tr\/index.php?rest_route=%2Fwp%2Fv2%2Fcomments&post=303608"}],"version-history":[{"count":1,"href":"https:\/\/archive.sana.sy\/tr\/index.php?rest_route=\/wp\/v2\/posts\/303608\/revisions"}],"predecessor-version":[{"id":303610,"href":"https:\/\/archive.sana.sy\/tr\/index.php?rest_route=\/wp\/v2\/posts\/303608\/revisions\/303610"}],"wp:featuredmedia":[{"embeddable":true,"href":"https:\/\/archive.sana.sy\/tr\/index.php?rest_route=\/wp\/v2\/media\/303609"}],"wp:attachment":[{"href":"https:\/\/archive.sana.sy\/tr\/index.php?rest_route=%2Fwp%2Fv2%2Fmedia&parent=303608"}],"wp:term":[{"taxonomy":"category","embeddable":true,"href":"https:\/\/archive.sana.sy\/tr\/index.php?rest_route=%2Fwp%2Fv2%2Fcategories&post=303608"},{"taxonomy":"post_tag","embeddable":true,"href":"https:\/\/archive.sana.sy\/tr\/index.php?rest_route=%2Fwp%2Fv2%2Ftags&post=303608"}],"curies":[{"name":"wp","href":"https:\/\/api.w.org\/{rel}","templated":true}]}}