{"id":303621,"date":"2024-06-16T08:35:04","date_gmt":"2024-06-16T05:35:04","guid":{"rendered":"https:\/\/sana.sy\/tr\/?p=303621"},"modified":"2024-06-18T12:12:13","modified_gmt":"2024-06-18T09:12:13","slug":"cumhurbaskani-esad-kurban-bayrami-munasebetiyle-silahli-kuvvetlerini-kutladi","status":"publish","type":"post","link":"https:\/\/archive.sana.sy\/tr\/?p=303621","title":{"rendered":"Cumhurba\u015fkan\u0131 Esad Kurban Bayram\u0131 M\u00fcnasebetiyle Silahl\u0131 Kuvvetlerini Kutlad\u0131"},"content":{"rendered":"<p style=\"text-align: justify;\"><strong>\u015eAM (SANA) \u00a0<\/strong>\u2013 Say\u0131n Cumhurba\u015fkan\u0131, Ordu ve Silahl\u0131 Kuvvetler Ba\u015fkomutan\u0131 Korgeneral Be\u015f\u015far Esad Kurban Bayram\u0131 m\u00fcnasebetiyle silahl\u0131 kuvvetlerini kutlad\u0131.<\/p>\n<p style=\"text-align: justify;\">Savunma Bakanl\u0131\u011f\u0131 Facebook sayfas\u0131nda, Cumhurba\u015fkan\u0131 Esad\u2019\u0131n Kurban Bayram\u0131 m\u00fcnasebetiyle ordumuz erkan\u0131 ve kahraman silahl\u0131 kuvvetlerimizin evlatlar\u0131na y\u00fcrekten tebriklerini ileterek, \u2018\u2019Kahraman Silahl\u0131 Kuvvetlerimizin askerlerinin Kurban Bayram\u0131n\u0131 tebrik ediyorum. Her birine g\u00f6rev ve mevkilerinde ba\u015far\u0131 ve muvaffakiyetler diliyor, Cenab-\u0131 Allah&#8217;tan salih \u015fehitlerimizi engin rahmet ve ma\u011ffiretiyle kaplamas\u0131n\u0131, yaral\u0131 kahramanlar\u0131m\u0131za acil \u015fifalar vermesini, bu k\u0131ymetli vesileyi vatan\u0131m\u0131za hay\u0131rla kar\u015f\u0131l\u0131k vermesini ve sava\u015f y\u0131llar\u0131n\u0131n ard\u0131ndan toparlan\u0131p d\u00fc\u015fmanlar\u0131na galip gelmesini niyaz ediyorum\u2019\u2019 dedi\u011fini aktard\u0131.<\/p>\n<p style=\"text-align: center;\"><strong><a href=\"https:\/\/t.me\/SuriyeArapHaberAjansI\">Telegram Kanal\u0131m\u0131z\u00a0<\/a><span style=\"color: #ff0000;\">||<\/span><a href=\"https:\/\/twitter.com\/arap_ajans\">X Platformumuz\u00a0<\/a><span style=\"color: #ff0000;\">||<\/span><a href=\"https:\/\/www.facebook.com\/SANAHaberAjansi\/\">Facebook Sayfam\u0131z<\/a><\/strong><\/p>\n","protected":false},"excerpt":{"rendered":"<p>\u015eAM (SANA) \u00a0\u2013 Say\u0131n Cumhurba\u015fkan\u0131, Ordu ve Silahl\u0131 Kuvvetler Ba\u015fkomutan\u0131 Korgeneral Be\u015f\u015far Esad Kurban Bayram\u0131 m\u00fcnasebetiyle silahl\u0131 kuvvetlerini kutlad\u0131. Savunma Bakanl\u0131\u011f\u0131 Facebook sayfas\u0131nda, Cumhurba\u015fkan\u0131 Esad\u2019\u0131n Kurban Bayram\u0131 m\u00fcnasebetiyle ordumuz erkan\u0131 ve kahraman silahl\u0131 kuvvetlerimizin evlatlar\u0131na y\u00fcrekten tebriklerini ileterek, \u2018\u2019Kahraman Silahl\u0131 Kuvvetlerimizin askerlerinin Kurban Bayram\u0131n\u0131 tebrik ediyorum. Her birine g\u00f6rev ve mevkilerinde ba\u015far\u0131 ve muvaffakiyetler diliyor, &hellip;<\/p>\n","protected":false},"author":41,"featured_media":303622,"comment_status":"closed","ping_status":"closed","sticky":false,"template":"","format":"standard","meta":{"footnotes":""},"categories":[606,605,17988],"tags":[41718],"class_list":["post-303621","post","type-post","status-publish","format-standard","has-post-thumbnail","","category-cumhurbaskani","category-sayin-cumhurbaskani","category-son-haberler","tag-cumhurbaskani-esad-kurban-bayrami-munasebetiyle-silahli-kuvvetlerini-kutladi"],"_links":{"self":[{"href":"https:\/\/archive.sana.sy\/tr\/index.php?rest_route=\/wp\/v2\/posts\/303621","targetHints":{"allow":["GET"]}}],"collection":[{"href":"https:\/\/archive.sana.sy\/tr\/index.php?rest_route=\/wp\/v2\/posts"}],"about":[{"href":"https:\/\/archive.sana.sy\/tr\/index.php?rest_route=\/wp\/v2\/types\/post"}],"author":[{"embeddable":true,"href":"https:\/\/archive.sana.sy\/tr\/index.php?rest_route=\/wp\/v2\/users\/41"}],"replies":[{"embeddable":true,"href":"https:\/\/archive.sana.sy\/tr\/index.php?rest_route=%2Fwp%2Fv2%2Fcomments&post=303621"}],"version-history":[{"count":1,"href":"https:\/\/archive.sana.sy\/tr\/index.php?rest_route=\/wp\/v2\/posts\/303621\/revisions"}],"predecessor-version":[{"id":303623,"href":"https:\/\/archive.sana.sy\/tr\/index.php?rest_route=\/wp\/v2\/posts\/303621\/revisions\/303623"}],"wp:featuredmedia":[{"embeddable":true,"href":"https:\/\/archive.sana.sy\/tr\/index.php?rest_route=\/wp\/v2\/media\/303622"}],"wp:attachment":[{"href":"https:\/\/archive.sana.sy\/tr\/index.php?rest_route=%2Fwp%2Fv2%2Fmedia&parent=303621"}],"wp:term":[{"taxonomy":"category","embeddable":true,"href":"https:\/\/archive.sana.sy\/tr\/index.php?rest_route=%2Fwp%2Fv2%2Fcategories&post=303621"},{"taxonomy":"post_tag","embeddable":true,"href":"https:\/\/archive.sana.sy\/tr\/index.php?rest_route=%2Fwp%2Fv2%2Ftags&post=303621"}],"curies":[{"name":"wp","href":"https:\/\/api.w.org\/{rel}","templated":true}]}}