{"id":303638,"date":"2024-06-16T11:15:47","date_gmt":"2024-06-16T08:15:47","guid":{"rendered":"https:\/\/sana.sy\/tr\/?p=303638"},"modified":"2024-06-18T12:09:21","modified_gmt":"2024-06-18T09:09:21","slug":"on-binlerce-filistinli-siki-isgal-tedbirlerine-ragmen-mescid-i-aksada-kurban-namazi-kildi","status":"publish","type":"post","link":"https:\/\/archive.sana.sy\/tr\/?p=303638","title":{"rendered":"On Binlerce Filistinli, S\u0131k\u0131 \u0130\u015fgal Tedbirlerine Ra\u011fmen Mescid-i Aksa&#8217;da Kurban Namaz\u0131 K\u0131ld\u0131"},"content":{"rendered":"<p style=\"text-align: justify;\"><strong>\u0130\u015eGAL ED\u0130LEN KUD\u00dcS (SANA)<\/strong> &#8211; \u00a0\u0130srail&#8217;in kat\u0131 i\u015fgal tedbirlerine ve Mescid-i Haram&#8217;a giri\u015flerini k\u0131s\u0131tlama ve sald\u0131r\u0131 giri\u015fimlerine ra\u011fmen bug\u00fcn on binlerce Filistinli Mescid-i Aksa&#8217;da Kurban Bayram\u0131 namaz\u0131n\u0131 k\u0131ld\u0131.<\/p>\n<p style=\"text-align: justify;\">Wafa Ajans\u0131, i\u015fgal alt\u0131ndaki Kud\u00fcs \u015fehrindeki Vak\u0131flar Dairesi&#8217;nin, \u2018\u2019Mescid-i Aksa&#8217;da bug\u00fcn 40 bini a\u015fk\u0131n ki\u015fi, s\u0131k\u0131 i\u015fgal tedbirlerine ra\u011fmen m\u00fcbarek Kurban Bayram\u0131 namaz\u0131n\u0131 k\u0131ld\u0131\u2019\u2019 diyerek, i\u015fgal g\u00fc\u00e7lerinin binlerce Filistinlinin bayram namaz\u0131 k\u0131lmak i\u00e7in camiye ula\u015fmas\u0131n\u0131 engelledi\u011fini ve onlar\u0131 darp etti\u011fini belirtti\u011fini kaydetti.<\/p>\n<p style=\"text-align: justify;\">Filistinliler, Mescid-i Nefir ve Rabat&#8217;\u0131n i\u015fgalcilerin Mescid-i Haram ve i\u015fgal alt\u0131ndaki Kud\u00fcs \u015fehrine y\u00f6nelik yerle\u015fim ve Yahudile\u015ftirme planlar\u0131na kar\u015f\u0131 camide yapt\u0131\u011f\u0131 \u00e7a\u011fr\u0131ya yan\u0131t verdi.<\/p>\n<p style=\"text-align: center;\"><strong><a href=\"https:\/\/t.me\/SuriyeArapHaberAjansI\">Telegram Kanal\u0131m\u0131z\u00a0<\/a>||<a href=\"https:\/\/twitter.com\/arap_ajans\">X Platformumuz\u00a0<\/a>||<a href=\"https:\/\/www.facebook.com\/SANAHaberAjansi\/\">Facebook Sayfam\u0131z<\/a><\/strong><\/p>\n","protected":false},"excerpt":{"rendered":"<p>\u0130\u015eGAL ED\u0130LEN KUD\u00dcS (SANA) &#8211; \u00a0\u0130srail&#8217;in kat\u0131 i\u015fgal tedbirlerine ve Mescid-i Haram&#8217;a giri\u015flerini k\u0131s\u0131tlama ve sald\u0131r\u0131 giri\u015fimlerine ra\u011fmen bug\u00fcn on binlerce Filistinli Mescid-i Aksa&#8217;da Kurban Bayram\u0131 namaz\u0131n\u0131 k\u0131ld\u0131. Wafa Ajans\u0131, i\u015fgal alt\u0131ndaki Kud\u00fcs \u015fehrindeki Vak\u0131flar Dairesi&#8217;nin, \u2018\u2019Mescid-i Aksa&#8217;da bug\u00fcn 40 bini a\u015fk\u0131n ki\u015fi, s\u0131k\u0131 i\u015fgal tedbirlerine ra\u011fmen m\u00fcbarek Kurban Bayram\u0131 namaz\u0131n\u0131 k\u0131ld\u0131\u2019\u2019 diyerek, i\u015fgal g\u00fc\u00e7lerinin &hellip;<\/p>\n","protected":false},"author":41,"featured_media":303639,"comment_status":"closed","ping_status":"closed","sticky":false,"template":"","format":"standard","meta":{"footnotes":""},"categories":[458,459,17988],"tags":[36412,41722],"class_list":["post-303638","post","type-post","status-publish","format-standard","has-post-thumbnail","","category-dunya1","category-haberler-arap-uluslararasi-politika","category-son-haberler","tag-on-binlerce-filistinli","tag-siki-isgal-tedbirlerine-ragmen-mescid-i-aksada-kurban-namazi-kildi"],"_links":{"self":[{"href":"https:\/\/archive.sana.sy\/tr\/index.php?rest_route=\/wp\/v2\/posts\/303638","targetHints":{"allow":["GET"]}}],"collection":[{"href":"https:\/\/archive.sana.sy\/tr\/index.php?rest_route=\/wp\/v2\/posts"}],"about":[{"href":"https:\/\/archive.sana.sy\/tr\/index.php?rest_route=\/wp\/v2\/types\/post"}],"author":[{"embeddable":true,"href":"https:\/\/archive.sana.sy\/tr\/index.php?rest_route=\/wp\/v2\/users\/41"}],"replies":[{"embeddable":true,"href":"https:\/\/archive.sana.sy\/tr\/index.php?rest_route=%2Fwp%2Fv2%2Fcomments&post=303638"}],"version-history":[{"count":1,"href":"https:\/\/archive.sana.sy\/tr\/index.php?rest_route=\/wp\/v2\/posts\/303638\/revisions"}],"predecessor-version":[{"id":303640,"href":"https:\/\/archive.sana.sy\/tr\/index.php?rest_route=\/wp\/v2\/posts\/303638\/revisions\/303640"}],"wp:featuredmedia":[{"embeddable":true,"href":"https:\/\/archive.sana.sy\/tr\/index.php?rest_route=\/wp\/v2\/media\/303639"}],"wp:attachment":[{"href":"https:\/\/archive.sana.sy\/tr\/index.php?rest_route=%2Fwp%2Fv2%2Fmedia&parent=303638"}],"wp:term":[{"taxonomy":"category","embeddable":true,"href":"https:\/\/archive.sana.sy\/tr\/index.php?rest_route=%2Fwp%2Fv2%2Fcategories&post=303638"},{"taxonomy":"post_tag","embeddable":true,"href":"https:\/\/archive.sana.sy\/tr\/index.php?rest_route=%2Fwp%2Fv2%2Ftags&post=303638"}],"curies":[{"name":"wp","href":"https:\/\/api.w.org\/{rel}","templated":true}]}}