{"id":303647,"date":"2024-06-16T06:28:03","date_gmt":"2024-06-16T03:28:03","guid":{"rendered":"https:\/\/sana.sy\/tr\/?p=303647"},"modified":"2024-06-18T12:12:05","modified_gmt":"2024-06-18T09:12:05","slug":"lubnanli-bir-kadin-israilin-kafra-kasabasina-duzenledigi-baskinda-aldigi-yaralar-nedeniyle-sehit-oldu","status":"publish","type":"post","link":"https:\/\/archive.sana.sy\/tr\/?p=303647","title":{"rendered":"L\u00fcbnanl\u0131 Bir Kad\u0131n, \u0130srail&#8217;in Kafra Kasabas\u0131na D\u00fczenledi\u011fi Bask\u0131nda Ald\u0131\u011f\u0131 Yaralar Nedeniyle \u015eehit Oldu"},"content":{"rendered":"<p style=\"text-align: justify;\"><strong>BEYRUT (SANA)<\/strong> &#8211; \u00a0Birka\u00e7 g\u00fcn \u00f6nce \u0130srail d\u00fc\u015fman u\u00e7aklar\u0131n\u0131n L\u00fcbnan&#8217;\u0131n g\u00fcneyindeki Kafra kasabas\u0131 eteklerine d\u00fczenledi\u011fi bask\u0131nda L\u00fcbnanl\u0131 bir kad\u0131n ald\u0131\u011f\u0131 yaralar sonucu \u015fehit oldu.<\/p>\n<p style=\"text-align: justify;\">Ulusal Haber Ajans\u0131, yakla\u015f\u0131k bir hafta \u00f6nce Tire&#8217;nin Kafra ve Deyir Ams b\u00f6lgeleri aras\u0131nda e\u015fiyle birlikte seyahat ettikleri bir arabay\u0131 hedef alan \u0130srail bask\u0131n\u0131 sonucu L\u00fcbnanl\u0131 bir kad\u0131n\u0131n bug\u00fcn ald\u0131\u011f\u0131 yaralar nedeniyle hayat\u0131n\u0131 kaybetti\u011fini bildirdi.<\/p>\n<p style=\"text-align: center;\"><strong><a href=\"https:\/\/t.me\/SuriyeArapHaberAjansI\">Telegram Kanal\u0131m\u0131z\u00a0<\/a>||<a href=\"https:\/\/twitter.com\/arap_ajans\">X Platformumuz\u00a0<\/a>||<a href=\"https:\/\/www.facebook.com\/SANAHaberAjansi\/\">Facebook Sayfam\u0131z<\/a><\/strong><\/p>\n","protected":false},"excerpt":{"rendered":"<p>BEYRUT (SANA) &#8211; \u00a0Birka\u00e7 g\u00fcn \u00f6nce \u0130srail d\u00fc\u015fman u\u00e7aklar\u0131n\u0131n L\u00fcbnan&#8217;\u0131n g\u00fcneyindeki Kafra kasabas\u0131 eteklerine d\u00fczenledi\u011fi bask\u0131nda L\u00fcbnanl\u0131 bir kad\u0131n ald\u0131\u011f\u0131 yaralar sonucu \u015fehit oldu. Ulusal Haber Ajans\u0131, yakla\u015f\u0131k bir hafta \u00f6nce Tire&#8217;nin Kafra ve Deyir Ams b\u00f6lgeleri aras\u0131nda e\u015fiyle birlikte seyahat ettikleri bir arabay\u0131 hedef alan \u0130srail bask\u0131n\u0131 sonucu L\u00fcbnanl\u0131 bir kad\u0131n\u0131n bug\u00fcn ald\u0131\u011f\u0131 yaralar &hellip;<\/p>\n","protected":false},"author":41,"featured_media":303648,"comment_status":"closed","ping_status":"closed","sticky":false,"template":"","format":"standard","meta":{"footnotes":""},"categories":[458,459,17988],"tags":[],"class_list":["post-303647","post","type-post","status-publish","format-standard","has-post-thumbnail","","category-dunya1","category-haberler-arap-uluslararasi-politika","category-son-haberler"],"_links":{"self":[{"href":"https:\/\/archive.sana.sy\/tr\/index.php?rest_route=\/wp\/v2\/posts\/303647","targetHints":{"allow":["GET"]}}],"collection":[{"href":"https:\/\/archive.sana.sy\/tr\/index.php?rest_route=\/wp\/v2\/posts"}],"about":[{"href":"https:\/\/archive.sana.sy\/tr\/index.php?rest_route=\/wp\/v2\/types\/post"}],"author":[{"embeddable":true,"href":"https:\/\/archive.sana.sy\/tr\/index.php?rest_route=\/wp\/v2\/users\/41"}],"replies":[{"embeddable":true,"href":"https:\/\/archive.sana.sy\/tr\/index.php?rest_route=%2Fwp%2Fv2%2Fcomments&post=303647"}],"version-history":[{"count":2,"href":"https:\/\/archive.sana.sy\/tr\/index.php?rest_route=\/wp\/v2\/posts\/303647\/revisions"}],"predecessor-version":[{"id":303650,"href":"https:\/\/archive.sana.sy\/tr\/index.php?rest_route=\/wp\/v2\/posts\/303647\/revisions\/303650"}],"wp:featuredmedia":[{"embeddable":true,"href":"https:\/\/archive.sana.sy\/tr\/index.php?rest_route=\/wp\/v2\/media\/303648"}],"wp:attachment":[{"href":"https:\/\/archive.sana.sy\/tr\/index.php?rest_route=%2Fwp%2Fv2%2Fmedia&parent=303647"}],"wp:term":[{"taxonomy":"category","embeddable":true,"href":"https:\/\/archive.sana.sy\/tr\/index.php?rest_route=%2Fwp%2Fv2%2Fcategories&post=303647"},{"taxonomy":"post_tag","embeddable":true,"href":"https:\/\/archive.sana.sy\/tr\/index.php?rest_route=%2Fwp%2Fv2%2Ftags&post=303647"}],"curies":[{"name":"wp","href":"https:\/\/api.w.org\/{rel}","templated":true}]}}