{"id":303656,"date":"2024-06-16T12:59:52","date_gmt":"2024-06-16T09:59:52","guid":{"rendered":"https:\/\/sana.sy\/tr\/?p=303656"},"modified":"2024-06-18T12:09:29","modified_gmt":"2024-06-18T09:09:29","slug":"cumhurbaskani-esadin-adina-savunma-bakani-guney-bolgesinde-faaliyet-gosteren-bir-dizi-olusumu-ziyaret-etti","status":"publish","type":"post","link":"https:\/\/archive.sana.sy\/tr\/?p=303656","title":{"rendered":"Cumhurba\u015fkan\u0131 Esad&#8217;\u0131n Ad\u0131na&#8230; Savunma Bakan\u0131 G\u00fcney B\u00f6lgesinde Faaliyet G\u00f6steren Bir Dizi Olu\u015fumu Ziyaret Etti"},"content":{"rendered":"<p style=\"text-align: justify;\"><strong>\u015eAM (SANA)<\/strong> &#8211; Say\u0131n Cumhurba\u015fkan\u0131m\u0131z, Ordu ve Silahl\u0131 Kuvvetler Ba\u015fkomutan\u0131 Korgeneral Be\u015f\u015far Esad&#8217;\u0131n rehberli\u011finde ve m\u00fcbarek Kurban Bayram\u0131 m\u00fcnasebetiyle, Kara Kuvvetleri ve Silahl\u0131 Kuvvetler Ba\u015fkomutan <img loading=\"lazy\" decoding=\"async\" class=\"size-full wp-image-303658 alignright\" src=\"http:\/\/sana.sy\/tr\/wp-content\/uploads\/2024\/06\/Untitled-1-copy-84-300x179-1.jpg\" alt=\"\" width=\"300\" height=\"179\" \/>Yard\u0131mc\u0131s\u0131 ve Savunma Bakan\u0131 Orgeneral Ali Mahmud Abbas, g\u00fcney b\u00f6lgesinde faaliyet g\u00f6steren \u00e7ok say\u0131da olu\u015fumumuza saha ziyareti ger\u00e7ekle\u015ftirdi.<\/p>\n<p style=\"text-align: justify;\">Ziyaret s\u0131ras\u0131nda Savunma Bakan\u0131, sava\u015f\u00e7\u0131larla mevzilerinde g\u00f6r\u00fc\u015ferek, Cumhurba\u015fkan\u0131 Esad&#8217;\u0131n Kurban Bayram\u0131n\u0131 tebrik ederek kendilerine ve \u015ferefli ailelerine sa\u011fl\u0131k ve mutluluk dileklerini iletti.<\/p>\n<p style=\"text-align: justify;\">Orgeneral Abbas, silahl\u0131 kuvvetlerimizin bu y\u00f6nde \u00e7al\u0131\u015fmaya haz\u0131r olup olmad\u0131\u011f\u0131 konusunda bilgi ald\u0131. Birka\u00e7 yeri gezdi, tahkimatlar\u0131 denetledi ve sava\u015f\u00e7\u0131lar\u0131n y\u00fcksek moralini, askeri disiplinini ve milli ve manevi g\u00f6revlerine ba\u011fl\u0131l\u0131klar\u0131n\u0131 \u00f6vd\u00fc.<\/p>\n<p style=\"text-align: justify;\">Saha komutanlar\u0131yla bir araya gelerek kendilerine verilen g\u00f6revlerin niteli\u011fi hakk\u0131nda ayr\u0131nt\u0131l\u0131 bir a\u00e7\u0131klama dinledi. G\u00fcvenlik ve istikrar\u0131n sa\u011flanmas\u0131 i\u00e7in sava\u015fa haz\u0131rl\u0131k ve y\u00fcksek uyan\u0131kl\u0131\u011f\u0131n s\u00fcrd\u00fcr\u00fclmesinin \u00f6nemini vurgulayan <img loading=\"lazy\" decoding=\"async\" class=\"size-full wp-image-303659 alignright\" src=\"http:\/\/sana.sy\/tr\/wp-content\/uploads\/2024\/06\/3-copy-3-300x175-1.jpg\" alt=\"\" width=\"300\" height=\"175\" \/>Orgeneral Abbas, \u00a0Silahl\u0131 kuvvetlerimizin ter\u00f6rle m\u00fccadelede elde etti\u011fi ba\u015far\u0131lar\u0131n, halk\u0131m\u0131z\u0131n gelecekte de kararl\u0131l\u0131\u011f\u0131n\u0131n teminat\u0131 olarak kalaca\u011f\u0131n\u0131 kaydetti.<\/p>\n<p style=\"text-align: justify;\">Abbas ayr\u0131ca, \u2018\u2019Ordumuzun g\u00fcc\u00fc, halk\u0131m\u0131z\u0131n onu sahiplenmesinden ve silahl\u0131 kuvvetlerimize, vatan\u0131n savunulmas\u0131ndaki rollerinin b\u00fcy\u00fckl\u00fc\u011f\u00fcne olan egemenli\u011finin inanc\u0131yla her t\u00fcrl\u00fc \u00f6zeni g\u00f6steren Cumhurba\u015fkan\u0131 Korgeneral Be\u015far Esad&#8217;\u0131n b\u00fcy\u00fck ilgisinden kaynaklanmaktad\u0131r\u2019\u2019 diye devam etti.<\/p>\n<p style=\"text-align: justify;\">Orgeneral Abbas bir dizi ileri noktay\u0131 da denetledi ve onlar\u0131n haz\u0131rl\u0131kl\u0131 olma durumlar\u0131n\u0131 \u00f6verken de, \u00fclke \u00e7ap\u0131nda geni\u015f cephelerde bir\u00e7ok sava\u015fla m\u00fccadele eden ve \u00e7e\u015fitli silah ve ekipman t\u00fcrleriyle sa\u011flanan ter\u00f6rist gruplarla kar\u015f\u0131la\u015fan cesur ordumuzun, herhangi bir d\u00fc\u015fman kar\u015f\u0131s\u0131nda herhangi bir sava\u015f yapmaktan \u00e7ekinmeyece\u011fini kaydetti.<\/p>\n<p style=\"text-align: justify;\"><img loading=\"lazy\" decoding=\"async\" class=\"size-full wp-image-303660 alignright\" src=\"http:\/\/sana.sy\/tr\/wp-content\/uploads\/2024\/06\/1-copy-5-300x178-1.jpg\" alt=\"\" width=\"300\" height=\"178\" \/>Buna kar\u015f\u0131l\u0131k, sava\u015f\u00e7\u0131lar bug\u00fcn bu sava\u015f kar\u015f\u0131s\u0131nda ve ka\u00e7 y\u00f6n\u00fc olursa olsun herhangi bir sava\u015f kar\u015f\u0131s\u0131nda fedakarl\u0131klar\u0131yla ve ger\u00e7e\u011fin galip gelmesi gerekti\u011fine olan mutlak inan\u00e7lar\u0131yla zafere ula\u015fma konusunda daha yetenekli olduklar\u0131n\u0131 do\u011frulad\u0131lar.<\/p>\n<p style=\"text-align: justify;\">Gezinin sonunda Ti\u015frin Askeri Hastanesi&#8217;ni ziyaret eden Orgeneral Abbas, yaral\u0131larla tan\u0131\u015farak, kurban bayram\u0131n\u0131 tebrik ederek, kendilerine ve ailelerine sa\u011fl\u0131k ve s\u0131hhat diledi.<\/p>\n<p style=\"text-align: justify;\">Bu vesileyle askeri b\u00f6lge komutanlar\u0131 \u015fehit mezarlar\u0131n\u0131 ziyaret ederek, an\u0131tlara Say\u0131n Cumhurba\u015fkan\u0131m\u0131z, Ordu ve Silahl\u0131 Kuvvetler Ba\u015fkomutan\u0131 Korgeneral Be\u015f\u015far Esad ad\u0131na \u00e7elenkler koyarak,\u00a0 \u015fehitlerin temiz ruhlar\u0131 i\u00e7in Fatiha okudu ve resmi selam verdiler.<\/p>\n<p style=\"text-align: justify;\">Bunun yan\u0131nda da askeri hastanelerde yaral\u0131lar\u0131 ziyaret ederek bayramlar\u0131n\u0131 tebrik ederek, sa\u011fl\u0131k ve acil \u015fifalar dilediler.<\/p>\n<p style=\"text-align: center;\"><strong><a href=\"https:\/\/t.me\/SuriyeArapHaberAjansI\">Telegram Kanal\u0131m\u0131z\u00a0<\/a>||<a href=\"https:\/\/twitter.com\/arap_ajans\">X Platformumuz\u00a0<\/a>||<a href=\"https:\/\/www.facebook.com\/SANAHaberAjansi\/\">Facebook Sayfam\u0131z<\/a><\/strong><\/p>\n","protected":false},"excerpt":{"rendered":"<p>\u015eAM (SANA) &#8211; Say\u0131n Cumhurba\u015fkan\u0131m\u0131z, Ordu ve Silahl\u0131 Kuvvetler Ba\u015fkomutan\u0131 Korgeneral Be\u015f\u015far Esad&#8217;\u0131n rehberli\u011finde ve m\u00fcbarek Kurban Bayram\u0131 m\u00fcnasebetiyle, Kara Kuvvetleri ve Silahl\u0131 Kuvvetler Ba\u015fkomutan Yard\u0131mc\u0131s\u0131 ve Savunma Bakan\u0131 Orgeneral Ali Mahmud Abbas, g\u00fcney b\u00f6lgesinde faaliyet g\u00f6steren \u00e7ok say\u0131da olu\u015fumumuza saha ziyareti ger\u00e7ekle\u015ftirdi. Ziyaret s\u0131ras\u0131nda Savunma Bakan\u0131, sava\u015f\u00e7\u0131larla mevzilerinde g\u00f6r\u00fc\u015ferek, Cumhurba\u015fkan\u0131 Esad&#8217;\u0131n Kurban Bayram\u0131n\u0131 tebrik &hellip;<\/p>\n","protected":false},"author":41,"featured_media":303657,"comment_status":"closed","ping_status":"closed","sticky":false,"template":"","format":"standard","meta":{"footnotes":""},"categories":[479,17988,478],"tags":[41723,19043,38641,22182],"class_list":["post-303656","post","type-post","status-publish","format-standard","has-post-thumbnail","","category-haberler-yerel","category-son-haberler","category-yerel","tag-cumhurbaskani-esadin-adina-savunma-bakani-guney-bolgesinde-faaliyet-gosteren-bir-dizi-olusumu-ziyaret-etti","tag-suriyede-son-durum","tag-suriyede-son-gelimeler","tag-suriyede-savas"],"_links":{"self":[{"href":"https:\/\/archive.sana.sy\/tr\/index.php?rest_route=\/wp\/v2\/posts\/303656","targetHints":{"allow":["GET"]}}],"collection":[{"href":"https:\/\/archive.sana.sy\/tr\/index.php?rest_route=\/wp\/v2\/posts"}],"about":[{"href":"https:\/\/archive.sana.sy\/tr\/index.php?rest_route=\/wp\/v2\/types\/post"}],"author":[{"embeddable":true,"href":"https:\/\/archive.sana.sy\/tr\/index.php?rest_route=\/wp\/v2\/users\/41"}],"replies":[{"embeddable":true,"href":"https:\/\/archive.sana.sy\/tr\/index.php?rest_route=%2Fwp%2Fv2%2Fcomments&post=303656"}],"version-history":[{"count":3,"href":"https:\/\/archive.sana.sy\/tr\/index.php?rest_route=\/wp\/v2\/posts\/303656\/revisions"}],"predecessor-version":[{"id":303757,"href":"https:\/\/archive.sana.sy\/tr\/index.php?rest_route=\/wp\/v2\/posts\/303656\/revisions\/303757"}],"wp:featuredmedia":[{"embeddable":true,"href":"https:\/\/archive.sana.sy\/tr\/index.php?rest_route=\/wp\/v2\/media\/303657"}],"wp:attachment":[{"href":"https:\/\/archive.sana.sy\/tr\/index.php?rest_route=%2Fwp%2Fv2%2Fmedia&parent=303656"}],"wp:term":[{"taxonomy":"category","embeddable":true,"href":"https:\/\/archive.sana.sy\/tr\/index.php?rest_route=%2Fwp%2Fv2%2Fcategories&post=303656"},{"taxonomy":"post_tag","embeddable":true,"href":"https:\/\/archive.sana.sy\/tr\/index.php?rest_route=%2Fwp%2Fv2%2Ftags&post=303656"}],"curies":[{"name":"wp","href":"https:\/\/api.w.org\/{rel}","templated":true}]}}