{"id":303674,"date":"2024-06-16T10:00:56","date_gmt":"2024-06-16T07:00:56","guid":{"rendered":"https:\/\/sana.sy\/tr\/?p=303674"},"modified":"2024-06-18T12:12:17","modified_gmt":"2024-06-18T09:12:17","slug":"kenani-iran-guvenligini-ve-ulusal-cikarlarini-savunmak-icin-kararli-bir-sekilde-hareket-edecektir","status":"publish","type":"post","link":"https:\/\/archive.sana.sy\/tr\/?p=303674","title":{"rendered":"Kenani: \u0130ran, G\u00fcvenli\u011fini Ve Ulusal \u00c7\u0131karlar\u0131n\u0131 Savunmak \u0130\u00e7in Kararl\u0131 Bir \u015eekilde Hareket Edecektir"},"content":{"rendered":"<p style=\"text-align: justify;\"><strong>TAHRAN (SANA) &#8211;<\/strong> \u0130ran D\u0131\u015fi\u015fleri Bakanl\u0131\u011f\u0131 s\u00f6zc\u00fcs\u00fc Nas\u0131r Kenani, Uluslararas\u0131 Atom Enerjisi Ajans\u0131 Y\u00f6netim Kurulu&#8217;nun Tahran&#8217;a kar\u015f\u0131 ald\u0131\u011f\u0131 karar\u0131n siyasi ama\u00e7l\u0131 oldu\u011funu ve uluslararas\u0131 mekanizmalar\u0131 ba\u011f\u0131ms\u0131z \u00fclkeleri hedef alacak \u015fekilde k\u00f6t\u00fcye kulland\u0131\u011f\u0131n\u0131 do\u011frulad\u0131.<\/p>\n<p style=\"text-align: justify;\">IRNA haber ajans\u0131 Kenani&#8217;nin \u015fu s\u00f6zlerini aktard\u0131: \u2018\u2019\u0130ran, UAEK ile hak ve y\u00fck\u00fcml\u00fcl\u00fckleri \u00e7er\u00e7evesinde yap\u0131c\u0131 etkile\u015fimini ve teknik i\u015f birli\u011fini s\u00fcrd\u00fcrmekte olup, N\u00fckleer Silahlar\u0131n Yay\u0131lmas\u0131n\u0131n \u00d6nlenmesi Anla\u015fmas\u0131 ve Kapsaml\u0131 G\u00fcvenlik Anla\u015fmas\u0131 uyar\u0131nca bar\u0131\u015f\u00e7\u0131l n\u00fckleer plan ve projeleriyle ilerlemektedir.\u2019\u2019<\/p>\n<p style=\"text-align: justify;\">Kenani, \u0130ran&#8217;\u0131n b\u00f6lgede s\u00fcrd\u00fcr\u00fclebilir g\u00fcvenli\u011fin tesis edilmesinde oynad\u0131\u011f\u0131 yap\u0131c\u0131 ve tutarl\u0131 rol\u00fc vurgularken, \u2018\u2019 Ancak ayn\u0131 zamanda her t\u00fcrl\u00fc k\u00f6t\u00fc niyetli davran\u0131\u015f ve eylem kar\u015f\u0131s\u0131nda kendi g\u00fcvenli\u011fini ve ulusal \u00e7\u0131karlar\u0131n\u0131 korumak, egemenli\u011fini savunmak i\u00e7in kararl\u0131l\u0131kla hareket edecektir\u2019\u2019 diye devam etti.<\/p>\n<p style=\"text-align: justify;\">\u2018\u2019Uluslararas\u0131 alanda insan haklar\u0131n\u0131n y\u00fcce hedeflerine ula\u015fmak b\u00fcy\u00fck zorluklarla kar\u015f\u0131 kar\u015f\u0131yad\u0131r\u2019\u2019 diyen Kenani,\u00a0 \u2018\u2019Bunlardan en acil olan\u0131, Yedi \u00dclke Grubunun liderlerinin, \u0130srail \u0131rk\u00e7\u0131 rejiminin Filistinlilere kar\u015f\u0131 i\u015fledi\u011fi yayg\u0131n ve sistematik cinayetler sorununa kar\u015f\u0131 kay\u0131ts\u0131zl\u0131\u011f\u0131 ve eylemsizli\u011fidir\u2019\u2019 ifadelerini kulland\u0131.<\/p>\n<p style=\"text-align: center;\"><strong><a href=\"https:\/\/t.me\/SuriyeArapHaberAjansI\">Telegram Kanal\u0131m\u0131z\u00a0<\/a>||<a href=\"https:\/\/twitter.com\/arap_ajans\">X Platformumuz\u00a0<\/a>||<a href=\"https:\/\/www.facebook.com\/SANAHaberAjansi\/\">Facebook Sayfam\u0131z<\/a><\/strong><\/p>\n","protected":false},"excerpt":{"rendered":"<p>TAHRAN (SANA) &#8211; \u0130ran D\u0131\u015fi\u015fleri Bakanl\u0131\u011f\u0131 s\u00f6zc\u00fcs\u00fc Nas\u0131r Kenani, Uluslararas\u0131 Atom Enerjisi Ajans\u0131 Y\u00f6netim Kurulu&#8217;nun Tahran&#8217;a kar\u015f\u0131 ald\u0131\u011f\u0131 karar\u0131n siyasi ama\u00e7l\u0131 oldu\u011funu ve uluslararas\u0131 mekanizmalar\u0131 ba\u011f\u0131ms\u0131z \u00fclkeleri hedef alacak \u015fekilde k\u00f6t\u00fcye kulland\u0131\u011f\u0131n\u0131 do\u011frulad\u0131. IRNA haber ajans\u0131 Kenani&#8217;nin \u015fu s\u00f6zlerini aktard\u0131: \u2018\u2019\u0130ran, UAEK ile hak ve y\u00fck\u00fcml\u00fcl\u00fckleri \u00e7er\u00e7evesinde yap\u0131c\u0131 etkile\u015fimini ve teknik i\u015f birli\u011fini s\u00fcrd\u00fcrmekte olup, &hellip;<\/p>\n","protected":false},"author":41,"featured_media":303675,"comment_status":"closed","ping_status":"closed","sticky":false,"template":"","format":"standard","meta":{"footnotes":""},"categories":[458,459,17988],"tags":[41727,41726],"class_list":["post-303674","post","type-post","status-publish","format-standard","has-post-thumbnail","","category-dunya1","category-haberler-arap-uluslararasi-politika","category-son-haberler","tag-guvenligini-ve-ulusal-cikarlarini-savunmak-icin-kararli-bir-sekilde-hareket-edecek","tag-kenani-iran"],"_links":{"self":[{"href":"https:\/\/archive.sana.sy\/tr\/index.php?rest_route=\/wp\/v2\/posts\/303674","targetHints":{"allow":["GET"]}}],"collection":[{"href":"https:\/\/archive.sana.sy\/tr\/index.php?rest_route=\/wp\/v2\/posts"}],"about":[{"href":"https:\/\/archive.sana.sy\/tr\/index.php?rest_route=\/wp\/v2\/types\/post"}],"author":[{"embeddable":true,"href":"https:\/\/archive.sana.sy\/tr\/index.php?rest_route=\/wp\/v2\/users\/41"}],"replies":[{"embeddable":true,"href":"https:\/\/archive.sana.sy\/tr\/index.php?rest_route=%2Fwp%2Fv2%2Fcomments&post=303674"}],"version-history":[{"count":1,"href":"https:\/\/archive.sana.sy\/tr\/index.php?rest_route=\/wp\/v2\/posts\/303674\/revisions"}],"predecessor-version":[{"id":303676,"href":"https:\/\/archive.sana.sy\/tr\/index.php?rest_route=\/wp\/v2\/posts\/303674\/revisions\/303676"}],"wp:featuredmedia":[{"embeddable":true,"href":"https:\/\/archive.sana.sy\/tr\/index.php?rest_route=\/wp\/v2\/media\/303675"}],"wp:attachment":[{"href":"https:\/\/archive.sana.sy\/tr\/index.php?rest_route=%2Fwp%2Fv2%2Fmedia&parent=303674"}],"wp:term":[{"taxonomy":"category","embeddable":true,"href":"https:\/\/archive.sana.sy\/tr\/index.php?rest_route=%2Fwp%2Fv2%2Fcategories&post=303674"},{"taxonomy":"post_tag","embeddable":true,"href":"https:\/\/archive.sana.sy\/tr\/index.php?rest_route=%2Fwp%2Fv2%2Ftags&post=303674"}],"curies":[{"name":"wp","href":"https:\/\/api.w.org\/{rel}","templated":true}]}}