{"id":30370,"date":"2015-04-17T09:26:16","date_gmt":"2015-04-17T06:26:16","guid":{"rendered":"http:\/\/www.sana.sy\/tr\/?p=30370"},"modified":"2015-04-21T09:28:29","modified_gmt":"2015-04-21T06:28:29","slug":"cumhurbaskani-bessar-el-esad-isvec-expressen-gazetesine-roportaj-veriyor","status":"publish","type":"post","link":"https:\/\/archive.sana.sy\/tr\/?p=30370","title":{"rendered":"Cumhurba\u015fkan\u0131 Be\u015f\u015far el Esad \u0130sve\u00e7 Expressen Gazetesine R\u00f6portaj Veriyor"},"content":{"rendered":"<p>Cumhurba\u015fkan\u0131 Be\u015f\u015far el Esad \u0130sve\u00e7 Expressen Gazetesine R\u00f6portaj Veriyor<\/p>\n<div id='gallery-1' class='gallery galleryid-30370 gallery-columns-2 gallery-size-thumbnail'><figure class='gallery-item'>\n\t\t\t<div class='gallery-icon landscape'>\n\t\t\t\t<a href='https:\/\/archive.sana.sy\/tr\/wp-content\/uploads\/2015\/04\/el-Esad-22.jpg'><img loading=\"lazy\" decoding=\"async\" width=\"150\" height=\"113\" src=\"https:\/\/archive.sana.sy\/tr\/wp-content\/uploads\/2015\/04\/el-Esad-22-150x113.jpg\" class=\"attachment-thumbnail size-thumbnail\" alt=\"\" srcset=\"https:\/\/archive.sana.sy\/tr\/wp-content\/uploads\/2015\/04\/el-Esad-22-150x113.jpg 150w, https:\/\/archive.sana.sy\/tr\/wp-content\/uploads\/2015\/04\/el-Esad-22-300x227.jpg 300w, https:\/\/archive.sana.sy\/tr\/wp-content\/uploads\/2015\/04\/el-Esad-22.jpg 500w\" sizes=\"auto, (max-width: 150px) 100vw, 150px\" \/><\/a>\n\t\t\t<\/div><\/figure><figure class='gallery-item'>\n\t\t\t<div class='gallery-icon landscape'>\n\t\t\t\t<a href='https:\/\/archive.sana.sy\/tr\/wp-content\/uploads\/2015\/04\/el-Esad-31.jpg'><img loading=\"lazy\" decoding=\"async\" width=\"150\" height=\"85\" src=\"https:\/\/archive.sana.sy\/tr\/wp-content\/uploads\/2015\/04\/el-Esad-31-150x85.jpg\" class=\"attachment-thumbnail size-thumbnail\" alt=\"\" srcset=\"https:\/\/archive.sana.sy\/tr\/wp-content\/uploads\/2015\/04\/el-Esad-31-150x85.jpg 150w, https:\/\/archive.sana.sy\/tr\/wp-content\/uploads\/2015\/04\/el-Esad-31-300x170.jpg 300w, https:\/\/archive.sana.sy\/tr\/wp-content\/uploads\/2015\/04\/el-Esad-31.jpg 620w\" sizes=\"auto, (max-width: 150px) 100vw, 150px\" \/><\/a>\n\t\t\t<\/div><\/figure><figure class='gallery-item'>\n\t\t\t<div class='gallery-icon landscape'>\n\t\t\t\t<a href='https:\/\/archive.sana.sy\/tr\/wp-content\/uploads\/2015\/04\/el-Esad-41.jpg'><img loading=\"lazy\" decoding=\"async\" width=\"150\" height=\"100\" src=\"https:\/\/archive.sana.sy\/tr\/wp-content\/uploads\/2015\/04\/el-Esad-41-150x100.jpg\" class=\"attachment-thumbnail size-thumbnail\" alt=\"\" srcset=\"https:\/\/archive.sana.sy\/tr\/wp-content\/uploads\/2015\/04\/el-Esad-41-150x100.jpg 150w, https:\/\/archive.sana.sy\/tr\/wp-content\/uploads\/2015\/04\/el-Esad-41-300x200.jpg 300w, https:\/\/archive.sana.sy\/tr\/wp-content\/uploads\/2015\/04\/el-Esad-41.jpg 600w\" sizes=\"auto, (max-width: 150px) 100vw, 150px\" \/><\/a>\n\t\t\t<\/div><\/figure><figure class='gallery-item'>\n\t\t\t<div class='gallery-icon landscape'>\n\t\t\t\t<a href='https:\/\/archive.sana.sy\/tr\/wp-content\/uploads\/2015\/04\/el-Esad-5.jpg'><img loading=\"lazy\" decoding=\"async\" width=\"150\" height=\"118\" src=\"https:\/\/archive.sana.sy\/tr\/wp-content\/uploads\/2015\/04\/el-Esad-5-150x118.jpg\" class=\"attachment-thumbnail size-thumbnail\" alt=\"\" srcset=\"https:\/\/archive.sana.sy\/tr\/wp-content\/uploads\/2015\/04\/el-Esad-5-150x118.jpg 150w, https:\/\/archive.sana.sy\/tr\/wp-content\/uploads\/2015\/04\/el-Esad-5-300x235.jpg 300w, https:\/\/archive.sana.sy\/tr\/wp-content\/uploads\/2015\/04\/el-Esad-5.jpg 620w\" sizes=\"auto, (max-width: 150px) 100vw, 150px\" \/><\/a>\n\t\t\t<\/div><\/figure><figure class='gallery-item'>\n\t\t\t<div class='gallery-icon landscape'>\n\t\t\t\t<a href='https:\/\/archive.sana.sy\/tr\/wp-content\/uploads\/2015\/04\/el-Esad-6.jpg'><img loading=\"lazy\" decoding=\"async\" width=\"150\" height=\"86\" src=\"https:\/\/archive.sana.sy\/tr\/wp-content\/uploads\/2015\/04\/el-Esad-6-150x86.jpg\" class=\"attachment-thumbnail size-thumbnail\" alt=\"\" srcset=\"https:\/\/archive.sana.sy\/tr\/wp-content\/uploads\/2015\/04\/el-Esad-6-150x86.jpg 150w, https:\/\/archive.sana.sy\/tr\/wp-content\/uploads\/2015\/04\/el-Esad-6-300x172.jpg 300w, https:\/\/archive.sana.sy\/tr\/wp-content\/uploads\/2015\/04\/el-Esad-6.jpg 620w\" sizes=\"auto, (max-width: 150px) 100vw, 150px\" \/><\/a>\n\t\t\t<\/div><\/figure>\n\t\t<\/div>\n\n<p>R.H.<\/p>\n","protected":false},"excerpt":{"rendered":"<p>Cumhurba\u015fkan\u0131 Be\u015f\u015far el Esad \u0130sve\u00e7 Expressen Gazetesine R\u00f6portaj Veriyor R.H.<\/p>\n","protected":false},"author":1,"featured_media":30376,"comment_status":"closed","ping_status":"closed","sticky":false,"template":"","format":"standard","meta":{"footnotes":""},"categories":[6459],"tags":[13848],"class_list":["post-30370","post","type-post","status-publish","format-standard","has-post-thumbnail","","category-sana-fotolarl","tag-cumhurbaskani-bessar-el-esad-isvec-expressen-gazetesine-roportaj-veriyor"],"_links":{"self":[{"href":"https:\/\/archive.sana.sy\/tr\/index.php?rest_route=\/wp\/v2\/posts\/30370","targetHints":{"allow":["GET"]}}],"collection":[{"href":"https:\/\/archive.sana.sy\/tr\/index.php?rest_route=\/wp\/v2\/posts"}],"about":[{"href":"https:\/\/archive.sana.sy\/tr\/index.php?rest_route=\/wp\/v2\/types\/post"}],"author":[{"embeddable":true,"href":"https:\/\/archive.sana.sy\/tr\/index.php?rest_route=\/wp\/v2\/users\/1"}],"replies":[{"embeddable":true,"href":"https:\/\/archive.sana.sy\/tr\/index.php?rest_route=%2Fwp%2Fv2%2Fcomments&post=30370"}],"version-history":[{"count":0,"href":"https:\/\/archive.sana.sy\/tr\/index.php?rest_route=\/wp\/v2\/posts\/30370\/revisions"}],"wp:featuredmedia":[{"embeddable":true,"href":"https:\/\/archive.sana.sy\/tr\/index.php?rest_route=\/wp\/v2\/media\/30376"}],"wp:attachment":[{"href":"https:\/\/archive.sana.sy\/tr\/index.php?rest_route=%2Fwp%2Fv2%2Fmedia&parent=30370"}],"wp:term":[{"taxonomy":"category","embeddable":true,"href":"https:\/\/archive.sana.sy\/tr\/index.php?rest_route=%2Fwp%2Fv2%2Fcategories&post=30370"},{"taxonomy":"post_tag","embeddable":true,"href":"https:\/\/archive.sana.sy\/tr\/index.php?rest_route=%2Fwp%2Fv2%2Ftags&post=30370"}],"curies":[{"name":"wp","href":"https:\/\/api.w.org\/{rel}","templated":true}]}}