{"id":303708,"date":"2024-06-17T18:00:31","date_gmt":"2024-06-17T15:00:31","guid":{"rendered":"https:\/\/sana.sy\/tr\/?p=303708"},"modified":"2024-06-18T12:12:48","modified_gmt":"2024-06-18T09:12:48","slug":"gazze-medya-ofisi-gazze-seridindeki-saldirganlikta-16-binden-fazla-cocuk-sehit-oldu","status":"publish","type":"post","link":"https:\/\/archive.sana.sy\/tr\/?p=303708","title":{"rendered":"Gazze Medya Ofisi: Gazze \u015eeridi&#8217;ndeki Sald\u0131rganl\u0131kta 16 Binden Fazla \u00c7ocuk \u015eehit Oldu"},"content":{"rendered":"<p style=\"text-align: justify;\"><strong>\u0130\u015eGAL ED\u0130LEN KUD\u00dcS (SANA) &#8211;<\/strong>\u00a0 Gazze Enformasyon B\u00fcrosu, \u0130srail&#8217;in Gazze \u015eeridi&#8217;nde 255&#8217;inci g\u00fcn\u00fcnde s\u00fcrd\u00fcrd\u00fc\u011f\u00fc sald\u0131r\u0131larda 16 binden fazla Filistinli \u00e7ocu\u011fun \u015fehit oldu\u011funu vurgulad\u0131.<\/p>\n<p style=\"text-align: justify;\">Ofis bug\u00fcn yapt\u0131\u011f\u0131 a\u00e7\u0131klamada, \u2018\u2019G\u0131da ve ila\u00e7 s\u0131k\u0131nt\u0131s\u0131 nedeniyle Gazze \u015eeridi&#8217;ndeki durum trajiktir ve biz h\u00e2l\u00e2 halk\u0131n ihtiya\u00e7lar\u0131n\u0131 kar\u015f\u0131lamak i\u00e7in Refah kap\u0131s\u0131n\u0131n a\u00e7\u0131lmas\u0131n\u0131 talep ediyoruz\u2019\u2019 diyerek, Gazze \u015eeridi&#8217;ne y\u00f6nelik sald\u0131r\u0131n\u0131n taktiksel olarak durdurulmas\u0131 s\u00f6yleminin bir \u201c\u0130srail\u201d yalan\u0131 oldu\u011funa i\u015faret etti.<\/p>\n<p style=\"text-align: justify;\">\u0130\u015fgalin, Filistinlilerin Gazze \u015eeridi&#8217;nden \u00e7\u0131kmak i\u00e7in kulland\u0131klar\u0131 Refah ge\u00e7i\u015f koridorlar\u0131n\u0131 yok etti\u011fine dikkat \u00e7ekerken i\u015fgalin su\u00e7lular\u0131 ve liderlerinin yarg\u0131lanmas\u0131 ve yarg\u0131lanmas\u0131 \u00e7a\u011fr\u0131s\u0131nda bulundu.<\/p>\n<p style=\"text-align: center;\"><strong><a href=\"https:\/\/t.me\/SuriyeArapHaberAjansI\">Telegram Kanal\u0131m\u0131z\u00a0<\/a>||<a href=\"https:\/\/twitter.com\/arap_ajans\">X Platformumuz\u00a0<\/a>||<a href=\"https:\/\/www.facebook.com\/SANAHaberAjansi\/\">Facebook Sayfam\u0131z<\/a><\/strong><\/p>\n","protected":false},"excerpt":{"rendered":"<p>\u0130\u015eGAL ED\u0130LEN KUD\u00dcS (SANA) &#8211;\u00a0 Gazze Enformasyon B\u00fcrosu, \u0130srail&#8217;in Gazze \u015eeridi&#8217;nde 255&#8217;inci g\u00fcn\u00fcnde s\u00fcrd\u00fcrd\u00fc\u011f\u00fc sald\u0131r\u0131larda 16 binden fazla Filistinli \u00e7ocu\u011fun \u015fehit oldu\u011funu vurgulad\u0131. Ofis bug\u00fcn yapt\u0131\u011f\u0131 a\u00e7\u0131klamada, \u2018\u2019G\u0131da ve ila\u00e7 s\u0131k\u0131nt\u0131s\u0131 nedeniyle Gazze \u015eeridi&#8217;ndeki durum trajiktir ve biz h\u00e2l\u00e2 halk\u0131n ihtiya\u00e7lar\u0131n\u0131 kar\u015f\u0131lamak i\u00e7in Refah kap\u0131s\u0131n\u0131n a\u00e7\u0131lmas\u0131n\u0131 talep ediyoruz\u2019\u2019 diyerek, Gazze \u015eeridi&#8217;ne y\u00f6nelik sald\u0131r\u0131n\u0131n taktiksel olarak &hellip;<\/p>\n","protected":false},"author":41,"featured_media":303709,"comment_status":"closed","ping_status":"closed","sticky":false,"template":"","format":"standard","meta":{"footnotes":""},"categories":[458,459,17988],"tags":[41734],"class_list":["post-303708","post","type-post","status-publish","format-standard","has-post-thumbnail","","category-dunya1","category-haberler-arap-uluslararasi-politika","category-son-haberler","tag-gazze-medya-ofisi-gazze-seridindeki-saldirganlikta-16-binden-fazla-cocuk-sehit-oldu"],"_links":{"self":[{"href":"https:\/\/archive.sana.sy\/tr\/index.php?rest_route=\/wp\/v2\/posts\/303708","targetHints":{"allow":["GET"]}}],"collection":[{"href":"https:\/\/archive.sana.sy\/tr\/index.php?rest_route=\/wp\/v2\/posts"}],"about":[{"href":"https:\/\/archive.sana.sy\/tr\/index.php?rest_route=\/wp\/v2\/types\/post"}],"author":[{"embeddable":true,"href":"https:\/\/archive.sana.sy\/tr\/index.php?rest_route=\/wp\/v2\/users\/41"}],"replies":[{"embeddable":true,"href":"https:\/\/archive.sana.sy\/tr\/index.php?rest_route=%2Fwp%2Fv2%2Fcomments&post=303708"}],"version-history":[{"count":1,"href":"https:\/\/archive.sana.sy\/tr\/index.php?rest_route=\/wp\/v2\/posts\/303708\/revisions"}],"predecessor-version":[{"id":303710,"href":"https:\/\/archive.sana.sy\/tr\/index.php?rest_route=\/wp\/v2\/posts\/303708\/revisions\/303710"}],"wp:featuredmedia":[{"embeddable":true,"href":"https:\/\/archive.sana.sy\/tr\/index.php?rest_route=\/wp\/v2\/media\/303709"}],"wp:attachment":[{"href":"https:\/\/archive.sana.sy\/tr\/index.php?rest_route=%2Fwp%2Fv2%2Fmedia&parent=303708"}],"wp:term":[{"taxonomy":"category","embeddable":true,"href":"https:\/\/archive.sana.sy\/tr\/index.php?rest_route=%2Fwp%2Fv2%2Fcategories&post=303708"},{"taxonomy":"post_tag","embeddable":true,"href":"https:\/\/archive.sana.sy\/tr\/index.php?rest_route=%2Fwp%2Fv2%2Ftags&post=303708"}],"curies":[{"name":"wp","href":"https:\/\/api.w.org\/{rel}","templated":true}]}}