{"id":303730,"date":"2024-06-17T15:24:32","date_gmt":"2024-06-17T12:24:32","guid":{"rendered":"https:\/\/sana.sy\/tr\/?p=303730"},"modified":"2024-06-18T12:10:40","modified_gmt":"2024-06-18T09:10:40","slug":"isgalci-israil-lubnanin-bircok-bolgesini-ve-kasabasini-hedef-almaya-devam-ediyor","status":"publish","type":"post","link":"https:\/\/archive.sana.sy\/tr\/?p=303730","title":{"rendered":"\u0130\u015fgalci \u0130srail, L\u00fcbnan&#8217;\u0131n Bir\u00e7ok B\u00f6lgesini Ve Kasabas\u0131n\u0131 Hedef Almaya Devam Ediyor"},"content":{"rendered":"<p style=\"text-align: justify;\"><strong>BEYRUT (SANA)<\/strong> &#8211; \u0130srail d\u00fc\u015fman g\u00fc\u00e7leri bug\u00fcn de L\u00fcbnan&#8217;\u0131n baz\u0131 b\u00f6lge ve kasabalar\u0131na y\u00f6nelik sald\u0131r\u0131lar\u0131n\u0131 f\u00fcze ve makineli t\u00fcfek ate\u015fiyle hedef alarak s\u00fcrd\u00fcrd\u00fc.<\/p>\n<p style=\"text-align: justify;\">L\u00fcbnan Ulusal Haber Ajans\u0131, d\u00fc\u015fman \u0130srail&#8217;in s\u0131n\u0131r kasabas\u0131 El Dehira&#8217;ya, sabahtan bu yana kasabalar\u0131n\u0131 ziyaret eden, m\u00fclklerini ve akrabalar\u0131n\u0131n t\u00fcrbelerini denetleyen halka makineli t\u00fcfekle ate\u015f a\u00e7t\u0131\u011f\u0131n\u0131 bildirdi.<\/p>\n<p style=\"text-align: justify;\">Marceyun Ovas\u0131 ve Kafr Kila y\u00f6n\u00fcndeki Hura b\u00f6lgesi de bu sabah \u0130srail top\u00e7u bombard\u0131man\u0131na da maruz kald\u0131.<\/p>\n<p style=\"text-align: justify;\">Bu ba\u011flamda, i\u015fgal g\u00fc\u00e7leri ayr\u0131ca Kafr Hamam ve Hasbaya B\u00f6lgesi Ra\u015fayya El Fahar kasabalar\u0131n\u0131n d\u0131\u015f mahallelerini bombalad\u0131 ve Mayis El Cebel \u00a0kasabas\u0131n\u0131n g\u00fcney mahallelerine iki f\u00fczeyle d\u00fc\u015fmanca bir bask\u0131n d\u00fczenledi.<\/p>\n<p style=\"text-align: center;\"><strong><a href=\"https:\/\/t.me\/SuriyeArapHaberAjansI\">Telegram Kanal\u0131m\u0131z\u00a0<\/a>||<a href=\"https:\/\/twitter.com\/arap_ajans\">X Platformumuz\u00a0<\/a>||<a href=\"https:\/\/www.facebook.com\/SANAHaberAjansi\/\">Facebook Sayfam\u0131z<\/a><\/strong><\/p>\n","protected":false},"excerpt":{"rendered":"<p>BEYRUT (SANA) &#8211; \u0130srail d\u00fc\u015fman g\u00fc\u00e7leri bug\u00fcn de L\u00fcbnan&#8217;\u0131n baz\u0131 b\u00f6lge ve kasabalar\u0131na y\u00f6nelik sald\u0131r\u0131lar\u0131n\u0131 f\u00fcze ve makineli t\u00fcfek ate\u015fiyle hedef alarak s\u00fcrd\u00fcrd\u00fc. L\u00fcbnan Ulusal Haber Ajans\u0131, d\u00fc\u015fman \u0130srail&#8217;in s\u0131n\u0131r kasabas\u0131 El Dehira&#8217;ya, sabahtan bu yana kasabalar\u0131n\u0131 ziyaret eden, m\u00fclklerini ve akrabalar\u0131n\u0131n t\u00fcrbelerini denetleyen halka makineli t\u00fcfekle ate\u015f a\u00e7t\u0131\u011f\u0131n\u0131 bildirdi. Marceyun Ovas\u0131 ve Kafr Kila &hellip;<\/p>\n","protected":false},"author":41,"featured_media":303731,"comment_status":"closed","ping_status":"closed","sticky":false,"template":"","format":"standard","meta":{"footnotes":""},"categories":[458,459,17988],"tags":[18890,41740],"class_list":["post-303730","post","type-post","status-publish","format-standard","has-post-thumbnail","","category-dunya1","category-haberler-arap-uluslararasi-politika","category-son-haberler","tag-isgalci-israil","tag-lubnanin-bircok-bolgesini-ve-kasabasini-hedef-almaya-devam-ediyor"],"_links":{"self":[{"href":"https:\/\/archive.sana.sy\/tr\/index.php?rest_route=\/wp\/v2\/posts\/303730","targetHints":{"allow":["GET"]}}],"collection":[{"href":"https:\/\/archive.sana.sy\/tr\/index.php?rest_route=\/wp\/v2\/posts"}],"about":[{"href":"https:\/\/archive.sana.sy\/tr\/index.php?rest_route=\/wp\/v2\/types\/post"}],"author":[{"embeddable":true,"href":"https:\/\/archive.sana.sy\/tr\/index.php?rest_route=\/wp\/v2\/users\/41"}],"replies":[{"embeddable":true,"href":"https:\/\/archive.sana.sy\/tr\/index.php?rest_route=%2Fwp%2Fv2%2Fcomments&post=303730"}],"version-history":[{"count":2,"href":"https:\/\/archive.sana.sy\/tr\/index.php?rest_route=\/wp\/v2\/posts\/303730\/revisions"}],"predecessor-version":[{"id":303740,"href":"https:\/\/archive.sana.sy\/tr\/index.php?rest_route=\/wp\/v2\/posts\/303730\/revisions\/303740"}],"wp:featuredmedia":[{"embeddable":true,"href":"https:\/\/archive.sana.sy\/tr\/index.php?rest_route=\/wp\/v2\/media\/303731"}],"wp:attachment":[{"href":"https:\/\/archive.sana.sy\/tr\/index.php?rest_route=%2Fwp%2Fv2%2Fmedia&parent=303730"}],"wp:term":[{"taxonomy":"category","embeddable":true,"href":"https:\/\/archive.sana.sy\/tr\/index.php?rest_route=%2Fwp%2Fv2%2Fcategories&post=303730"},{"taxonomy":"post_tag","embeddable":true,"href":"https:\/\/archive.sana.sy\/tr\/index.php?rest_route=%2Fwp%2Fv2%2Ftags&post=303730"}],"curies":[{"name":"wp","href":"https:\/\/api.w.org\/{rel}","templated":true}]}}