{"id":303733,"date":"2024-06-17T15:41:36","date_gmt":"2024-06-17T12:41:36","guid":{"rendered":"https:\/\/sana.sy\/tr\/?p=303733"},"modified":"2024-06-18T12:12:35","modified_gmt":"2024-06-18T09:12:35","slug":"gazze-seridinde-son-24-saatte-isgal-katliamlarinda-10-sehit","status":"publish","type":"post","link":"https:\/\/archive.sana.sy\/tr\/?p=303733","title":{"rendered":"Gazze \u015eeridi&#8217;nde Son 24 Saatte \u0130\u015fgal Katliamlar\u0131nda 10 \u015eehit"},"content":{"rendered":"<p style=\"text-align: justify;\"><strong>\u0130\u015eGAL ED\u0130LEN KUD\u00dcS (SANA)<\/strong> &#8211;\u00a0 Filistin Sa\u011fl\u0131k Bakanl\u0131\u011f\u0131, \u0130srail i\u015fgalinin Gazze \u015eeridi&#8217;nde son 24 saatte iki katliam ger\u00e7ekle\u015ftirdi\u011fini, bunlardan 10&#8217;unun \u015fehit, 73&#8217;\u00fcn\u00fcn de yaral\u0131n\u0131n hastanelere ula\u015ft\u0131\u011f\u0131n\u0131 duyurdu.<\/p>\n<p style=\"text-align: justify;\">Bakanl\u0131k bug\u00fcn yapt\u0131\u011f\u0131 a\u00e7\u0131klamada, Gazze \u015eeridi&#8217;ne y\u00f6nelik 7 Ekim&#8217;den bu yana devam eden sald\u0131rganl\u0131klarda \u015fehit d\u00fc\u015fenlerin say\u0131s\u0131n\u0131n 37 bin 347 \u015fehit ve 85 bin 372 yaral\u0131ya y\u00fckseldi\u011fini belirterek, baz\u0131 ma\u011fdurlar\u0131n h\u00e2l\u00e2 moloz alt\u0131nda ve yollarda oldu\u011funu, ambulans ve sivil savunma ekiplerinin onlara ula\u015famad\u0131\u011f\u0131n\u0131 kaydetti.<\/p>\n<p style=\"text-align: justify;\">Gazze \u015fehrinin kuzeyindeki Zarqa mahallesinde bir evin i\u015fgalci bombard\u0131man\u0131 sonucu 2 Filistinli \u015fehit oldu, aralar\u0131nda kad\u0131n ve \u00e7ocuklar\u0131n da bulundu\u011fu en az 13 ki\u015fi de yaraland\u0131.<\/p>\n<p style=\"text-align: justify;\">Gazze \u015eeridi&#8217;nin g\u00fcneyinde Refah \u015fehrinin kuzeyindeki evlere i\u015fgalcilerin d\u00fczenledi\u011fi bombal\u0131 sald\u0131r\u0131 sonucu bir Filistinli \u015fehit oldu, \u00e7ok say\u0131da ki\u015fi de yaraland\u0131.<\/p>\n<p style=\"text-align: center;\"><strong><a href=\"https:\/\/t.me\/SuriyeArapHaberAjansI\">Telegram Kanal\u0131m\u0131z\u00a0<\/a>||<a href=\"https:\/\/twitter.com\/arap_ajans\">X Platformumuz\u00a0<\/a>||<a href=\"https:\/\/www.facebook.com\/SANAHaberAjansi\/\">Facebook Sayfam\u0131z<\/a><\/strong><\/p>\n","protected":false},"excerpt":{"rendered":"<p>\u0130\u015eGAL ED\u0130LEN KUD\u00dcS (SANA) &#8211;\u00a0 Filistin Sa\u011fl\u0131k Bakanl\u0131\u011f\u0131, \u0130srail i\u015fgalinin Gazze \u015eeridi&#8217;nde son 24 saatte iki katliam ger\u00e7ekle\u015ftirdi\u011fini, bunlardan 10&#8217;unun \u015fehit, 73&#8217;\u00fcn\u00fcn de yaral\u0131n\u0131n hastanelere ula\u015ft\u0131\u011f\u0131n\u0131 duyurdu. Bakanl\u0131k bug\u00fcn yapt\u0131\u011f\u0131 a\u00e7\u0131klamada, Gazze \u015eeridi&#8217;ne y\u00f6nelik 7 Ekim&#8217;den bu yana devam eden sald\u0131rganl\u0131klarda \u015fehit d\u00fc\u015fenlerin say\u0131s\u0131n\u0131n 37 bin 347 \u015fehit ve 85 bin 372 yaral\u0131ya y\u00fckseldi\u011fini belirterek, &hellip;<\/p>\n","protected":false},"author":41,"featured_media":303734,"comment_status":"closed","ping_status":"closed","sticky":false,"template":"","format":"standard","meta":{"footnotes":""},"categories":[458,459,17988],"tags":[41741],"class_list":["post-303733","post","type-post","status-publish","format-standard","has-post-thumbnail","","category-dunya1","category-haberler-arap-uluslararasi-politika","category-son-haberler","tag-gazze-seridinde-son-24-saatte-isgal-katliamlarinda-10-sehit"],"_links":{"self":[{"href":"https:\/\/archive.sana.sy\/tr\/index.php?rest_route=\/wp\/v2\/posts\/303733","targetHints":{"allow":["GET"]}}],"collection":[{"href":"https:\/\/archive.sana.sy\/tr\/index.php?rest_route=\/wp\/v2\/posts"}],"about":[{"href":"https:\/\/archive.sana.sy\/tr\/index.php?rest_route=\/wp\/v2\/types\/post"}],"author":[{"embeddable":true,"href":"https:\/\/archive.sana.sy\/tr\/index.php?rest_route=\/wp\/v2\/users\/41"}],"replies":[{"embeddable":true,"href":"https:\/\/archive.sana.sy\/tr\/index.php?rest_route=%2Fwp%2Fv2%2Fcomments&post=303733"}],"version-history":[{"count":1,"href":"https:\/\/archive.sana.sy\/tr\/index.php?rest_route=\/wp\/v2\/posts\/303733\/revisions"}],"predecessor-version":[{"id":303735,"href":"https:\/\/archive.sana.sy\/tr\/index.php?rest_route=\/wp\/v2\/posts\/303733\/revisions\/303735"}],"wp:featuredmedia":[{"embeddable":true,"href":"https:\/\/archive.sana.sy\/tr\/index.php?rest_route=\/wp\/v2\/media\/303734"}],"wp:attachment":[{"href":"https:\/\/archive.sana.sy\/tr\/index.php?rest_route=%2Fwp%2Fv2%2Fmedia&parent=303733"}],"wp:term":[{"taxonomy":"category","embeddable":true,"href":"https:\/\/archive.sana.sy\/tr\/index.php?rest_route=%2Fwp%2Fv2%2Fcategories&post=303733"},{"taxonomy":"post_tag","embeddable":true,"href":"https:\/\/archive.sana.sy\/tr\/index.php?rest_route=%2Fwp%2Fv2%2Ftags&post=303733"}],"curies":[{"name":"wp","href":"https:\/\/api.w.org\/{rel}","templated":true}]}}