{"id":303743,"date":"2024-06-17T17:57:21","date_gmt":"2024-06-17T14:57:21","guid":{"rendered":"https:\/\/sana.sy\/tr\/?p=303743"},"modified":"2024-06-18T12:12:39","modified_gmt":"2024-06-18T09:12:39","slug":"filistin-direnisi-isgalin-refah-gecis-noktasindaki-binalari-ve-tesisleri-yakmasi-barbarca-bir-nazi-davranisidir","status":"publish","type":"post","link":"https:\/\/archive.sana.sy\/tr\/?p=303743","title":{"rendered":"Filistin Direni\u015fi: \u0130\u015fgalin Refah Ge\u00e7i\u015f Noktas\u0131ndaki Binalar\u0131 Ve Tesisleri Yakmas\u0131 Barbarca Bir Nazi Davran\u0131\u015f\u0131d\u0131r"},"content":{"rendered":"<p style=\"text-align: justify;\"><strong>\u0130\u015eGAL ED\u0130LEN KUD\u00dcS (SANA) &#8211;<\/strong>\u00a0 Filistin direni\u015fi, i\u015fgalci \u0130srail&#8217;in Refah S\u0131n\u0131r Kap\u0131s\u0131&#8217;ndaki bina ve tesisleri yakmas\u0131n\u0131n, Gazze \u015eeridi&#8217;nde Filistin halk\u0131na kar\u015f\u0131 devam eden soyk\u0131r\u0131m sava\u015f\u0131 \u00e7er\u00e7evesinde gelen su\u00e7 niteli\u011finde bir eylem ve barbarca bir davran\u0131\u015f oldu\u011funu do\u011frulad\u0131.<\/p>\n<p style=\"text-align: justify;\">Direni\u015f bug\u00fcn yapt\u0131\u011f\u0131 a\u00e7\u0131klamada \u015funlar\u0131 s\u00f6yledi: \u00a0&#8220;A\u00e7\u0131k bir sava\u015f su\u00e7u olan bu Nazi davran\u0131\u015f\u0131, uluslararas\u0131 alanda geni\u015f \u00e7apta k\u0131namay\u0131 ve i\u015fgal liderlerini sivil bir tesisi haks\u0131z yere tahrip etmelerinden sorumlu tutmak i\u00e7in gerekli \u00f6nlemlerin al\u0131nmas\u0131n\u0131 gerektiriyor.&#8221;<\/p>\n<p style=\"text-align: justify;\">Direni\u015f ayr\u0131ca, &#8220;Filistin&#8217;in d\u0131\u015f d\u00fcnyayla ileti\u015fimini kesen ve binlerce hasta ve yaral\u0131 insan\u0131 tedavi g\u00f6rmek i\u00e7in yurt d\u0131\u015f\u0131na seyahat etmekten mahrum b\u0131rakan bu su\u00e7un sonu\u00e7lar\u0131na, cani Siyonist i\u015fgal kat\u0131lmaktad\u0131r&#8221; ifadelerini kulland\u0131.<\/p>\n<p style=\"text-align: justify;\">Direni\u015f, ge\u00e7i\u015fin a\u00e7\u0131lmas\u0131, hastalar\u0131n \u00e7\u0131k\u0131\u015f\u0131n\u0131 kolayla\u015ft\u0131rmak ve kas\u0131tl\u0131 bir Siyonist a\u00e7l\u0131k sava\u015f\u0131na maruz kalan sekt\u00f6re acil g\u0131da ve yard\u0131m malzemelerinin giri\u015fini kolayla\u015ft\u0131rmak i\u00e7in etkili bir uluslararas\u0131 eylem de talep etti.<\/p>\n<p style=\"text-align: center;\"><strong><a href=\"https:\/\/t.me\/SuriyeArapHaberAjansI\">Telegram Kanal\u0131m\u0131z\u00a0<\/a>||<a href=\"https:\/\/twitter.com\/arap_ajans\">X Platformumuz\u00a0<\/a>||<a href=\"https:\/\/www.facebook.com\/SANAHaberAjansi\/\">Facebook Sayfam\u0131z<\/a><\/strong><\/p>\n","protected":false},"excerpt":{"rendered":"<p>\u0130\u015eGAL ED\u0130LEN KUD\u00dcS (SANA) &#8211;\u00a0 Filistin direni\u015fi, i\u015fgalci \u0130srail&#8217;in Refah S\u0131n\u0131r Kap\u0131s\u0131&#8217;ndaki bina ve tesisleri yakmas\u0131n\u0131n, Gazze \u015eeridi&#8217;nde Filistin halk\u0131na kar\u015f\u0131 devam eden soyk\u0131r\u0131m sava\u015f\u0131 \u00e7er\u00e7evesinde gelen su\u00e7 niteli\u011finde bir eylem ve barbarca bir davran\u0131\u015f oldu\u011funu do\u011frulad\u0131. Direni\u015f bug\u00fcn yapt\u0131\u011f\u0131 a\u00e7\u0131klamada \u015funlar\u0131 s\u00f6yledi: \u00a0&#8220;A\u00e7\u0131k bir sava\u015f su\u00e7u olan bu Nazi davran\u0131\u015f\u0131, uluslararas\u0131 alanda geni\u015f \u00e7apta &hellip;<\/p>\n","protected":false},"author":41,"featured_media":303744,"comment_status":"closed","ping_status":"closed","sticky":false,"template":"","format":"standard","meta":{"footnotes":""},"categories":[458,459,17988],"tags":[41744,40122,40319],"class_list":["post-303743","post","type-post","status-publish","format-standard","has-post-thumbnail","","category-dunya1","category-haberler-arap-uluslararasi-politika","category-son-haberler","tag-filistin-direnisi-isgalin-refah-gecis-noktasindaki-binalari-ve-tesisleri-yakmasi-barbarca-bir-nazi-davranisidir","tag-gazzede-son-durum","tag-gazzede-son-gelimeler"],"_links":{"self":[{"href":"https:\/\/archive.sana.sy\/tr\/index.php?rest_route=\/wp\/v2\/posts\/303743","targetHints":{"allow":["GET"]}}],"collection":[{"href":"https:\/\/archive.sana.sy\/tr\/index.php?rest_route=\/wp\/v2\/posts"}],"about":[{"href":"https:\/\/archive.sana.sy\/tr\/index.php?rest_route=\/wp\/v2\/types\/post"}],"author":[{"embeddable":true,"href":"https:\/\/archive.sana.sy\/tr\/index.php?rest_route=\/wp\/v2\/users\/41"}],"replies":[{"embeddable":true,"href":"https:\/\/archive.sana.sy\/tr\/index.php?rest_route=%2Fwp%2Fv2%2Fcomments&post=303743"}],"version-history":[{"count":1,"href":"https:\/\/archive.sana.sy\/tr\/index.php?rest_route=\/wp\/v2\/posts\/303743\/revisions"}],"predecessor-version":[{"id":303745,"href":"https:\/\/archive.sana.sy\/tr\/index.php?rest_route=\/wp\/v2\/posts\/303743\/revisions\/303745"}],"wp:featuredmedia":[{"embeddable":true,"href":"https:\/\/archive.sana.sy\/tr\/index.php?rest_route=\/wp\/v2\/media\/303744"}],"wp:attachment":[{"href":"https:\/\/archive.sana.sy\/tr\/index.php?rest_route=%2Fwp%2Fv2%2Fmedia&parent=303743"}],"wp:term":[{"taxonomy":"category","embeddable":true,"href":"https:\/\/archive.sana.sy\/tr\/index.php?rest_route=%2Fwp%2Fv2%2Fcategories&post=303743"},{"taxonomy":"post_tag","embeddable":true,"href":"https:\/\/archive.sana.sy\/tr\/index.php?rest_route=%2Fwp%2Fv2%2Ftags&post=303743"}],"curies":[{"name":"wp","href":"https:\/\/api.w.org\/{rel}","templated":true}]}}