{"id":303764,"date":"2024-06-18T16:16:20","date_gmt":"2024-06-18T13:16:20","guid":{"rendered":"https:\/\/sana.sy\/tr\/?p=303764"},"modified":"2024-06-20T13:14:37","modified_gmt":"2024-06-20T10:14:37","slug":"israil-isgal-gucleri-isgal-edilen-golanin-bukasa-cebasa-el-heseb-ve-el-hurriye-topraklarinda-yangin-cikariyor","status":"publish","type":"post","link":"https:\/\/archive.sana.sy\/tr\/?p=303764","title":{"rendered":"\u0130srail \u0130\u015fgal G\u00fc\u00e7leri, \u0130\u015fgal Edilen Golan&#8217;\u0131n Bukasa, Cebasa El He\u015feb Ve El Hurriye Topraklar\u0131nda Yang\u0131n \u00c7\u0131kar\u0131yor"},"content":{"rendered":"<p><strong>KUNEYTRA (SANA) \u2013 <\/strong>\u0130srail i\u015fgal g\u00fc\u00e7leri bug\u00fcn i\u015fgal edilen Suriye&#8217;nin Golan b\u00f6lgesindeki Bukasa k\u00f6y\u00fcn\u00fcn do\u011fusunda, El Hurriye k\u00f6y\u00fc ve Cebasa El He\u015feb kasabas\u0131n\u0131n bat\u0131s\u0131nda tar\u0131m ve mera arazilerinde b\u00fcy\u00fck bir yang\u0131n \u00e7\u0131kar\u0131ld\u0131.<\/p>\n<p><img loading=\"lazy\" decoding=\"async\" class=\"size-full wp-image-303766 alignright\" src=\"http:\/\/sana.sy\/tr\/wp-content\/uploads\/2024\/06\/photo_2024-06-18_13-45-38-3-300x169-1.jpg\" alt=\"\" width=\"300\" height=\"169\" \/>Kuneytra&#8217;daki bir SANA muhabiri, i\u015fgal askerleri taraf\u0131ndan bu \u00f6\u011fleden sonra tar\u0131m ve mera alanlar\u0131nda b\u00fcy\u00fck bir yang\u0131n \u00e7\u0131kar\u0131ld\u0131\u011f\u0131n\u0131, yang\u0131n\u0131n kurtar\u0131lan b\u00f6lgelerdeki tar\u0131m arazilerine do\u011fru yakla\u015ft\u0131\u011f\u0131n\u0131, halk\u0131n yang\u0131n\u0131n kendi topraklar\u0131na ula\u015fmas\u0131n\u0131 engelledi\u011fini, yang\u0131n\u0131n yay\u0131lmas\u0131n\u0131 \u00f6nlemek i\u00e7in ise halen tarlalar\u0131nda bulundu\u011funu kaydetti.<\/p>\n<p style=\"text-align: center;\"><strong><a href=\"https:\/\/t.me\/SuriyeArapHaberAjansI\">Telegram Kanal\u0131m\u0131z\u00a0<\/a>||<a href=\"https:\/\/twitter.com\/arap_ajans\">X Platformumuz\u00a0<\/a>||<a href=\"https:\/\/www.facebook.com\/SANAHaberAjansi\/\">Facebook Sayfam\u0131z<\/a><\/strong><\/p>\n<p>&nbsp;<\/p>\n<div id='gallery-1' class='gallery galleryid-303764 gallery-columns-3 gallery-size-full'><figure class='gallery-item'>\n\t\t\t<div class='gallery-icon landscape'>\n\t\t\t\t<a href='https:\/\/archive.sana.sy\/tr\/wp-content\/uploads\/2024\/06\/photo_2024-06-18_13-45-34.jpg'><img loading=\"lazy\" decoding=\"async\" width=\"660\" height=\"372\" src=\"https:\/\/archive.sana.sy\/tr\/wp-content\/uploads\/2024\/06\/photo_2024-06-18_13-45-34.jpg\" class=\"attachment-full size-full\" alt=\"\" srcset=\"https:\/\/archive.sana.sy\/tr\/wp-content\/uploads\/2024\/06\/photo_2024-06-18_13-45-34.jpg 660w, https:\/\/archive.sana.sy\/tr\/wp-content\/uploads\/2024\/06\/photo_2024-06-18_13-45-34-300x169.jpg 300w\" sizes=\"auto, (max-width: 660px) 100vw, 660px\" \/><\/a>\n\t\t\t<\/div><\/figure><figure class='gallery-item'>\n\t\t\t<div class='gallery-icon landscape'>\n\t\t\t\t<a href='https:\/\/archive.sana.sy\/tr\/wp-content\/uploads\/2024\/06\/photo_2024-06-18_13-45-35.jpg'><img loading=\"lazy\" decoding=\"async\" width=\"660\" height=\"372\" src=\"https:\/\/archive.sana.sy\/tr\/wp-content\/uploads\/2024\/06\/photo_2024-06-18_13-45-35.jpg\" class=\"attachment-full size-full\" alt=\"\" srcset=\"https:\/\/archive.sana.sy\/tr\/wp-content\/uploads\/2024\/06\/photo_2024-06-18_13-45-35.jpg 660w, https:\/\/archive.sana.sy\/tr\/wp-content\/uploads\/2024\/06\/photo_2024-06-18_13-45-35-300x169.jpg 300w\" sizes=\"auto, (max-width: 660px) 100vw, 660px\" \/><\/a>\n\t\t\t<\/div><\/figure><figure class='gallery-item'>\n\t\t\t<div class='gallery-icon landscape'>\n\t\t\t\t<a href='https:\/\/archive.sana.sy\/tr\/wp-content\/uploads\/2024\/06\/photo_2024-06-18_13-45-36-2.jpg'><img loading=\"lazy\" decoding=\"async\" width=\"660\" height=\"372\" src=\"https:\/\/archive.sana.sy\/tr\/wp-content\/uploads\/2024\/06\/photo_2024-06-18_13-45-36-2.jpg\" class=\"attachment-full size-full\" alt=\"\" srcset=\"https:\/\/archive.sana.sy\/tr\/wp-content\/uploads\/2024\/06\/photo_2024-06-18_13-45-36-2.jpg 660w, https:\/\/archive.sana.sy\/tr\/wp-content\/uploads\/2024\/06\/photo_2024-06-18_13-45-36-2-300x169.jpg 300w\" sizes=\"auto, (max-width: 660px) 100vw, 660px\" \/><\/a>\n\t\t\t<\/div><\/figure><figure class='gallery-item'>\n\t\t\t<div class='gallery-icon landscape'>\n\t\t\t\t<a href='https:\/\/archive.sana.sy\/tr\/wp-content\/uploads\/2024\/06\/photo_2024-06-18_13-45-38-4.jpg'><img loading=\"lazy\" decoding=\"async\" width=\"660\" height=\"372\" src=\"https:\/\/archive.sana.sy\/tr\/wp-content\/uploads\/2024\/06\/photo_2024-06-18_13-45-38-4.jpg\" class=\"attachment-full size-full\" alt=\"\" srcset=\"https:\/\/archive.sana.sy\/tr\/wp-content\/uploads\/2024\/06\/photo_2024-06-18_13-45-38-4.jpg 660w, https:\/\/archive.sana.sy\/tr\/wp-content\/uploads\/2024\/06\/photo_2024-06-18_13-45-38-4-300x169.jpg 300w\" sizes=\"auto, (max-width: 660px) 100vw, 660px\" \/><\/a>\n\t\t\t<\/div><\/figure><figure class='gallery-item'>\n\t\t\t<div class='gallery-icon landscape'>\n\t\t\t\t<a href='https:\/\/archive.sana.sy\/tr\/wp-content\/uploads\/2024\/06\/photo_2024-06-18_13-45-39.jpg'><img loading=\"lazy\" decoding=\"async\" width=\"660\" height=\"372\" src=\"https:\/\/archive.sana.sy\/tr\/wp-content\/uploads\/2024\/06\/photo_2024-06-18_13-45-39.jpg\" class=\"attachment-full size-full\" alt=\"\" srcset=\"https:\/\/archive.sana.sy\/tr\/wp-content\/uploads\/2024\/06\/photo_2024-06-18_13-45-39.jpg 660w, https:\/\/archive.sana.sy\/tr\/wp-content\/uploads\/2024\/06\/photo_2024-06-18_13-45-39-300x169.jpg 300w\" sizes=\"auto, (max-width: 660px) 100vw, 660px\" \/><\/a>\n\t\t\t<\/div><\/figure><figure class='gallery-item'>\n\t\t\t<div class='gallery-icon landscape'>\n\t\t\t\t<a href='https:\/\/archive.sana.sy\/tr\/wp-content\/uploads\/2024\/06\/photo_2024-06-18_13-45-39-2.jpg'><img loading=\"lazy\" decoding=\"async\" width=\"660\" height=\"372\" src=\"https:\/\/archive.sana.sy\/tr\/wp-content\/uploads\/2024\/06\/photo_2024-06-18_13-45-39-2.jpg\" class=\"attachment-full size-full\" alt=\"\" srcset=\"https:\/\/archive.sana.sy\/tr\/wp-content\/uploads\/2024\/06\/photo_2024-06-18_13-45-39-2.jpg 660w, https:\/\/archive.sana.sy\/tr\/wp-content\/uploads\/2024\/06\/photo_2024-06-18_13-45-39-2-300x169.jpg 300w\" sizes=\"auto, (max-width: 660px) 100vw, 660px\" \/><\/a>\n\t\t\t<\/div><\/figure>\n\t\t<\/div>\n\n","protected":false},"excerpt":{"rendered":"<p>KUNEYTRA (SANA) \u2013 \u0130srail i\u015fgal g\u00fc\u00e7leri bug\u00fcn i\u015fgal edilen Suriye&#8217;nin Golan b\u00f6lgesindeki Bukasa k\u00f6y\u00fcn\u00fcn do\u011fusunda, El Hurriye k\u00f6y\u00fc ve Cebasa El He\u015feb kasabas\u0131n\u0131n bat\u0131s\u0131nda tar\u0131m ve mera arazilerinde b\u00fcy\u00fck bir yang\u0131n \u00e7\u0131kar\u0131ld\u0131. Kuneytra&#8217;daki bir SANA muhabiri, i\u015fgal askerleri taraf\u0131ndan bu \u00f6\u011fleden sonra tar\u0131m ve mera alanlar\u0131nda b\u00fcy\u00fck bir yang\u0131n \u00e7\u0131kar\u0131ld\u0131\u011f\u0131n\u0131, yang\u0131n\u0131n kurtar\u0131lan b\u00f6lgelerdeki tar\u0131m arazilerine &hellip;<\/p>\n","protected":false},"author":39,"featured_media":303765,"comment_status":"closed","ping_status":"closed","sticky":false,"template":"","format":"standard","meta":{"footnotes":""},"categories":[479,17988,478],"tags":[],"class_list":["post-303764","post","type-post","status-publish","format-standard","has-post-thumbnail","","category-haberler-yerel","category-son-haberler","category-yerel"],"_links":{"self":[{"href":"https:\/\/archive.sana.sy\/tr\/index.php?rest_route=\/wp\/v2\/posts\/303764","targetHints":{"allow":["GET"]}}],"collection":[{"href":"https:\/\/archive.sana.sy\/tr\/index.php?rest_route=\/wp\/v2\/posts"}],"about":[{"href":"https:\/\/archive.sana.sy\/tr\/index.php?rest_route=\/wp\/v2\/types\/post"}],"author":[{"embeddable":true,"href":"https:\/\/archive.sana.sy\/tr\/index.php?rest_route=\/wp\/v2\/users\/39"}],"replies":[{"embeddable":true,"href":"https:\/\/archive.sana.sy\/tr\/index.php?rest_route=%2Fwp%2Fv2%2Fcomments&post=303764"}],"version-history":[{"count":1,"href":"https:\/\/archive.sana.sy\/tr\/index.php?rest_route=\/wp\/v2\/posts\/303764\/revisions"}],"predecessor-version":[{"id":303773,"href":"https:\/\/archive.sana.sy\/tr\/index.php?rest_route=\/wp\/v2\/posts\/303764\/revisions\/303773"}],"wp:featuredmedia":[{"embeddable":true,"href":"https:\/\/archive.sana.sy\/tr\/index.php?rest_route=\/wp\/v2\/media\/303765"}],"wp:attachment":[{"href":"https:\/\/archive.sana.sy\/tr\/index.php?rest_route=%2Fwp%2Fv2%2Fmedia&parent=303764"}],"wp:term":[{"taxonomy":"category","embeddable":true,"href":"https:\/\/archive.sana.sy\/tr\/index.php?rest_route=%2Fwp%2Fv2%2Fcategories&post=303764"},{"taxonomy":"post_tag","embeddable":true,"href":"https:\/\/archive.sana.sy\/tr\/index.php?rest_route=%2Fwp%2Fv2%2Ftags&post=303764"}],"curies":[{"name":"wp","href":"https:\/\/api.w.org\/{rel}","templated":true}]}}